{"id":1962,"date":"2021-02-17T16:51:26","date_gmt":"2021-02-17T15:51:26","guid":{"rendered":"http:\/\/cftc-syntec.fr\/testimport\/?p=1962"},"modified":"2021-02-17T23:13:38","modified_gmt":"2021-02-17T22:13:38","slug":"la-cftc-de-capgemini-respecte-ses-promesses-sur-lenvironnement","status":"publish","type":"post","link":"https:\/\/cftc-syntec.fr\/testimport\/la-cftc-de-capgemini-respecte-ses-promesses-sur-lenvironnement\/","title":{"rendered":"La CFTC de Capgemini respecte ses promesses sur l&rsquo;environnement"},"content":{"rendered":"<p>Lors des \u00e9lections au CSEE de CAPGEMINI de 2019, la CFTC avait fait des propositions pour am\u00e9liorer les engagements \u00e9co-citoyens de notre soci\u00e9t\u00e9.<\/p>\n<p><img decoding=\"async\" loading=\"lazy\" class=\"wp-image-2189 aligncenter\" src=\"http:\/\/cftc-syntec.fr\/testimport\/wp-content\/uploads\/sites\/11\/2021\/01\/ecocytotyen-002-002.jpg\" alt=\"\" width=\"575\" height=\"815\" \/><\/p>\n<h2>D\u00e8s 2016, mise en place de propositions \u00e9co-citoyennes<\/h2>\n<p>Les responsables CFTC du principal CSE de Capgemini avaient en effet d\u00e9j\u00e0 mis en place d\u00e8s 2016 un certain nombre d&rsquo;initiatives :<\/p>\n<ul>\n<li>Mise en place de r\u00fbches sur certains b\u00e2timents de Capgemini (Toulouse, Nantes, Paris)<\/li>\n<li>Formation Docteur Watt<\/li>\n<li>Pr\u00e9sentation Finances \u00e9thiques<\/li>\n<li>Projection du film \u00ab\u00a0Apr\u00e8s-demain\u00a0\u00bb<\/li>\n<li>Initiation au compostage<\/li>\n<\/ul>\n<h2>Suite aux \u00e9lections de 2019 : mise en place d&rsquo;une commission \u00e9co-citoyennet\u00e9<\/h2>\n<p>D\u00e8s la fin des \u00e9lections, notre CSE met en place une commission Eco-citoyenne disposant d&rsquo;un budget sp\u00e9cifique et o\u00f9 si\u00e8ge un repr\u00e9sentant pour chaque syndicat.<\/p>\n<h2 class=\"post__title -single\" style=\"text-align: left;\">Son objectif est d?EUR(TM)am\u00e9liorer le bilan carbone des activit\u00e9s du CSE<\/h2>\n<p><img decoding=\"async\" loading=\"lazy\" class=\"wp-image-2190 aligncenter\" src=\"http:\/\/cftc-syntec.fr\/testimport\/wp-content\/uploads\/sites\/11\/2021\/01\/commcse.png\" alt=\"\" width=\"605\" height=\"337\" \/><\/p>\n<p>&nbsp;<\/p>\n<p>Voici ci-dessous les retours de son secr\u00e9taire (et coll\u00e8gue), Didier Moreau, \u00e9lu CFTC qui aborde ci-dessous les principaux objectifs de cette commission :<\/p>\n<ul>\n<li>Donner des orientations et faire des propositions pour le CSE en g\u00e9n\u00e9ral et les ASC en particulier en vue d?EUR(TM)un CSE le plus \u00e9coresponsable possible<\/li>\n<li>Proposer des actions de sensibilisation et de p\u00e9dagogie sur le d\u00e9veloppement durable<\/li>\n<li>Proposer des actions pour une meilleure prise en compte des contraintes environnementales et sociales dans les activit\u00e9s ASC du CSE, nationales, r\u00e9gionales et locales.<\/li>\n<li>Proposition sur fonctionnement du CSE : plus de d\u00e9mat\u00e9rialisation des dossiers, travail sur l&#8217;empreinte carbone du mat\u00e9riel utilis\u00e9 par le CSE, travail sur le poids des mails dans les com du CSE ou le poids des pages HTML sur le site du CSE?EUR?<\/li>\n<li>Pouvoir \u00eatre sur certains sujets en lien avec la RSE de Capgemini et la communaut\u00e9 Green IT, voire parfois proposer des actions conjointes.<\/li>\n<\/ul>\n<p>&nbsp;<\/p>\n<p>L&rsquo;article suivante rassemble l&rsquo;ensemble des arguments avanc\u00e9s par son secr\u00e9taire :<\/p>\n<p><a href=\"http:\/\/demainlequotidien.up.coop\/consommation-responsable\/notre-objectif-est-dameliorer-le-bilan-carbone-des-asc-du-cse\">http:\/\/demainlequotidien.up.coop\/consommation-responsable\/notre-objectif-est-dameliorer-le-bilan-carbone-des-asc-du-cse<\/a><\/p>\n","protected":false},"excerpt":{"rendered":"<p>Lors des \u00e9lections au CSEE de CAPGEMINI de 2019, la CFTC avait fait des propositions pour am\u00e9liorer les engagements \u00e9co-citoyens de notre soci\u00e9t\u00e9. D\u00e8s 2016, mise en place de propositions \u00e9co-citoyennes Les responsables CFTC du principal CSE de Capgemini avaient en effet d\u00e9j\u00e0 mis en place d\u00e8s 2016 un certain nombre d&rsquo;initiatives : Mise en [&hellip;]<\/p>\n","protected":false},"author":1,"featured_media":2190,"comment_status":"open","ping_status":"open","sticky":false,"template":"","format":"standard","meta":[],"categories":[33],"tags":[34],"_links":{"self":[{"href":"https:\/\/cftc-syntec.fr\/testimport\/wp-json\/wp\/v2\/posts\/1962"}],"collection":[{"href":"https:\/\/cftc-syntec.fr\/testimport\/wp-json\/wp\/v2\/posts"}],"about":[{"href":"https:\/\/cftc-syntec.fr\/testimport\/wp-json\/wp\/v2\/types\/post"}],"author":[{"embeddable":true,"href":"https:\/\/cftc-syntec.fr\/testimport\/wp-json\/wp\/v2\/users\/1"}],"replies":[{"embeddable":true,"href":"https:\/\/cftc-syntec.fr\/testimport\/wp-json\/wp\/v2\/comments?post=1962"}],"version-history":[{"count":0,"href":"https:\/\/cftc-syntec.fr\/testimport\/wp-json\/wp\/v2\/posts\/1962\/revisions"}],"wp:featuredmedia":[{"embeddable":true,"href":"https:\/\/cftc-syntec.fr\/testimport\/wp-json\/wp\/v2\/media\/2190"}],"wp:attachment":[{"href":"https:\/\/cftc-syntec.fr\/testimport\/wp-json\/wp\/v2\/media?parent=1962"}],"wp:term":[{"taxonomy":"category","embeddable":true,"href":"https:\/\/cftc-syntec.fr\/testimport\/wp-json\/wp\/v2\/categories?post=1962"},{"taxonomy":"post_tag","embeddable":true,"href":"https:\/\/cftc-syntec.fr\/testimport\/wp-json\/wp\/v2\/tags?post=1962"}],"curies":[{"name":"wp","href":"https:\/\/api.w.org\/{rel}","templated":true}]}}