{"id":2036,"date":"2021-02-18T15:48:02","date_gmt":"2021-02-18T14:48:02","guid":{"rendered":"http:\/\/cftc-syntec.fr\/testimport\/?p=2036"},"modified":"2021-02-18T15:48:02","modified_gmt":"2021-02-18T14:48:02","slug":"les-elections-tpe-2021-arrivent-a-grands-pas","status":"publish","type":"post","link":"https:\/\/cftc-syntec.fr\/testimport\/les-elections-tpe-2021-arrivent-a-grands-pas\/","title":{"rendered":"Les \u00e9lections TPE 2021 arrivent \u00e0 grands pas !"},"content":{"rendered":"<h1 id=\"mobilisons-nous-\" class=\"markdown__heading\">MOBILISONS-NOUS !<\/h1>\n<blockquote>\n<h3>Du 22 mars au 4 avril 2021, les 4.9 millions de salari\u00e9s des TPE et du particulier employeur votent pour \u00e9lire leurs repr\u00e9sentants<\/h3>\n<\/blockquote>\n<div id=\"meta\" class=\"style-scope ytd-watch-flexy\">\n<div id=\"meta-contents\" class=\"style-scope ytd-watch-flexy\">\n<div id=\"container\" class=\"style-scope ytd-video-secondary-info-renderer\">\n<div id=\"content\" class=\"style-scope ytd-expander\">\n<h2>Espaces informatifs d\u00e9di\u00e9s<\/h2>\n<div>\n<p>Les \u00e9lections TPE 2021 arrivent \u00e0 grands pas et la CFTC a con\u00e7u un ensemble d&rsquo;espaces d\u00e9di\u00e9s \u00e0 cette occasion :<\/p>\n<\/div>\n<ul>\n<li>des informations-cl\u00e9s pour comprendre les enjeux de ces \u00e9lections<\/li>\n<li>des propositions de la CFTC pour am\u00e9liorer vos conditions de travail<\/li>\n<li>des outils de campagne?EUR? Vous trouverez ici toutes les informations n\u00e9cessaires pour vos \u00e9lections TPE 202<\/li>\n<li>site d\u00e9di\u00e9 \u00e0 la branche informatique (SICSTI\/BETIC)\u00a0 :<a href=\"http:\/\/tpe2021.fr\/\">tpe2021.fr\/<\/a><\/li>\n<li>site de la distribution (CSFV) <a href=\"http:\/\/cftc-tpe.fr\/\">http:\/\/cftc-tpe.fr\/<\/a><\/li>\n<li>site de l&rsquo;Union D\u00e9partementale NORD en partie cr\u00e9\u00e9 pour l&rsquo;occasion<\/li>\n<li>et enfin, celui de la conf\u00e9d\u00e9ration (CFTC) : <a href=\"http:\/\/tpe2021.cftc.fr\/\">tpe2021.cftc.fr\/<\/a> ou <a href=\"http:\/\/cftc.fr\/TPE2021\">cftc.fr\/TPE2021<\/a><\/li>\n<\/ul>\n<\/div>\n<\/div>\n<\/div>\n<\/div>\n<div id=\"meta\" class=\"style-scope ytd-watch-flexy\">\n<div id=\"meta-contents\" class=\"style-scope ytd-watch-flexy\">\n<div id=\"container\" class=\"style-scope ytd-video-secondary-info-renderer\">\n<div id=\"content\" class=\"style-scope ytd-expander\"><\/div>\n<\/div>\n<\/div>\n<\/div>\n<h2>Organisation du vote<\/h2>\n<p>Le site gouvernemental aborde clairement les modalit\u00e9s d&rsquo;organisation de cette \u00e9lection sur cette page.<\/p>\n<p>N&rsquo;h\u00e9sitez pas \u00e0 le consulter quelle que soit votre situation :<\/p>\n<p><a href=\"http:\/\/election-tpe.travail.gouv.fr\/comment-voter\/calendrier\">http:\/\/election-tpe.travail.gouv.fr\/comment-voter\/calendrier<\/a><\/p>\n<p>&nbsp;<\/p>\n<h2>Message de la conf\u00e9d\u00e9ration<\/h2>\n<p><iframe loading=\"lazy\" title=\"TPE : NOS REVENDICATIONS CFTC !\" width=\"800\" height=\"450\" src=\"http:\/\/youtube.com\/embed\/mJH9LGJGJYk?feature=oembed\" frameborder=\"0\" allow=\"accelerometer; autoplay; clipboard-write; encrypted-media; gyroscope; picture-in-picture\" allowfullscreen><\/iframe><\/p>\n<h2><\/h2>\n<h2>T\u00e9moignage d&rsquo;un de nos candidats<\/h2>\n<p>Fran\u00e7ois, juriste, est pr\u00eat \u00e0 d\u00e9fendre vos droits!<\/p>\n<p>Dans les tr\u00e8s petites entreprises et chez les salari\u00e9s du particulier employeur, choisissez de bons repr\u00e9sentants pour les conseils de prud&rsquo;hommes et les commissions r\u00e9gionales.<\/p>\n<p>Votez pour des experts proches de vous!<\/p>\n<p><iframe loading=\"lazy\" title=\"Fran\u00e7ois, candidat TPE CFTC Bretagne\" width=\"800\" height=\"450\" src=\"http:\/\/youtube.com\/embed\/rOhR5O2vFyQ?feature=oembed\" frameborder=\"0\" allow=\"accelerometer; autoplay; clipboard-write; encrypted-media; gyroscope; picture-in-picture\" allowfullscreen><\/iframe><\/p>\n<h2 id=\"mobilisons-nous-\" class=\"markdown__heading\"><\/h2>\n","protected":false},"excerpt":{"rendered":"<p>MOBILISONS-NOUS ! Du 22 mars au 4 avril 2021, les 4.9 millions de salari\u00e9s des TPE et du particulier employeur votent pour \u00e9lire leurs repr\u00e9sentants Espaces informatifs d\u00e9di\u00e9s Les \u00e9lections TPE 2021 arrivent \u00e0 grands pas et la CFTC a con\u00e7u un ensemble d&rsquo;espaces d\u00e9di\u00e9s \u00e0 cette occasion : des informations-cl\u00e9s pour comprendre les enjeux [&hellip;]<\/p>\n","protected":false},"author":1,"featured_media":2058,"comment_status":"open","ping_status":"open","sticky":false,"template":"","format":"standard","meta":[],"categories":[15],"tags":[],"_links":{"self":[{"href":"https:\/\/cftc-syntec.fr\/testimport\/wp-json\/wp\/v2\/posts\/2036"}],"collection":[{"href":"https:\/\/cftc-syntec.fr\/testimport\/wp-json\/wp\/v2\/posts"}],"about":[{"href":"https:\/\/cftc-syntec.fr\/testimport\/wp-json\/wp\/v2\/types\/post"}],"author":[{"embeddable":true,"href":"https:\/\/cftc-syntec.fr\/testimport\/wp-json\/wp\/v2\/users\/1"}],"replies":[{"embeddable":true,"href":"https:\/\/cftc-syntec.fr\/testimport\/wp-json\/wp\/v2\/comments?post=2036"}],"version-history":[{"count":0,"href":"https:\/\/cftc-syntec.fr\/testimport\/wp-json\/wp\/v2\/posts\/2036\/revisions"}],"wp:featuredmedia":[{"embeddable":true,"href":"https:\/\/cftc-syntec.fr\/testimport\/wp-json\/wp\/v2\/media\/2058"}],"wp:attachment":[{"href":"https:\/\/cftc-syntec.fr\/testimport\/wp-json\/wp\/v2\/media?parent=2036"}],"wp:term":[{"taxonomy":"category","embeddable":true,"href":"https:\/\/cftc-syntec.fr\/testimport\/wp-json\/wp\/v2\/categories?post=2036"},{"taxonomy":"post_tag","embeddable":true,"href":"https:\/\/cftc-syntec.fr\/testimport\/wp-json\/wp\/v2\/tags?post=2036"}],"curies":[{"name":"wp","href":"https:\/\/api.w.org\/{rel}","templated":true}]}}