{"id":2072,"date":"2021-02-08T12:59:47","date_gmt":"2021-02-08T11:59:47","guid":{"rendered":"http:\/\/cftc-syntec.fr\/testimport\/?p=2072"},"modified":"2021-02-08T17:32:20","modified_gmt":"2021-02-08T16:32:20","slug":"evenement-apec","status":"publish","type":"post","link":"https:\/\/cftc-syntec.fr\/testimport\/evenement-apec\/","title":{"rendered":"Evenement APEC avec Onno YPMA, Pr\u00e9sident de la CFTC CADRES"},"content":{"rendered":"<p>Notre pr\u00e9sident de la CFTC Cadres, Onno Ypma, a particip\u00e9 \u00e0 un d\u00e9bat organis\u00e9 par l&rsquo;APEC et ses dirigeants Christine L\u00ea, Pr\u00e9sidente du conseil d&rsquo;administration de l&rsquo;Apec et Gilles Gateau, Directeur g\u00e9n\u00e9ral.<\/p>\n<p><strong>Il a pu notamment parler de nos id\u00e9es sur le t\u00e9l\u00e9travail et sur l&rsquo;Intelligence Artificielle utilis\u00e9e dans le cadre du recrutement dans son discours intervenant \u00e0 1:21:31.<\/strong><\/p>\n<p>Il a \u00e9t\u00e9 anim\u00e9 par la journaliste Anne-C\u00e9cile Sarfati et a r\u00e9uni les dirigeants des conf\u00e9d\u00e9rations syndicales et des organisations patronales.<\/p>\n<p>Il a \u00e9t\u00e9 introduit par Isabelle Ferreras, politologue, sociologue, professeure \u00e0 l&rsquo;Universit\u00e9 de Louvain, chercheuse \u00e0 la Harvard Law School et co-auteure de l&rsquo;ouvrage \u00ab\u00a0le Manifeste Travail\u00a0\u00bb (\u00e9d. Seuil).<\/p>\n<p>Marqueurs de la transformation et de l&rsquo;engagement de l&rsquo;Apec pour r\u00e9pondre aux enjeux de l&#8217;emploi cadre, la Raison d&rsquo;\u00eatre et la nouvelle identit\u00e9 visuelle de l&rsquo;Apec ont \u00e9t\u00e9 d\u00e9voil\u00e9es lors de ce temps fort.<\/p>\n<p>Elisabeth Borne, Ministre du Travail, de l&rsquo;Emploi et de l&rsquo;Insertion, a cl\u00f4tur\u00e9 l&rsquo;\u00e9v\u00e9nement.<\/p>\n<h2>La vid\u00e9o de l&rsquo;\u00e9v\u00e9nement APEC<\/h2>\n<p><iframe loading=\"lazy\" title=\"??v\u00e9nement APEC\" width=\"800\" height=\"450\" src=\"http:\/\/youtube.com\/embed\/OO5Yb6nrhsc?feature=oembed\" frameborder=\"0\" allow=\"accelerometer; autoplay; clipboard-write; encrypted-media; gyroscope; picture-in-picture\" allowfullscreen><\/iframe><\/p>\n<h2>&#8230; et le clip de l&rsquo;APEC sur sa raison d&rsquo;\u00eatre<\/h2>\n<p><iframe loading=\"lazy\" title=\"Clip raison d&#039;\u00eatre Apec\" width=\"800\" height=\"450\" src=\"http:\/\/youtube.com\/embed\/szUboJ6qMo0?feature=oembed\" frameborder=\"0\" allow=\"accelerometer; autoplay; clipboard-write; encrypted-media; gyroscope; picture-in-picture\" allowfullscreen><\/iframe><\/p>\n<p>&nbsp;<\/p>\n","protected":false},"excerpt":{"rendered":"<p>Notre pr\u00e9sident de la CFTC Cadres, Onno Ypma, a particip\u00e9 \u00e0 un d\u00e9bat organis\u00e9 par l&rsquo;APEC et ses dirigeants Christine L\u00ea, Pr\u00e9sidente du conseil d&rsquo;administration de l&rsquo;Apec et Gilles Gateau, Directeur g\u00e9n\u00e9ral. Il a pu notamment parler de nos id\u00e9es sur le t\u00e9l\u00e9travail et sur l&rsquo;Intelligence Artificielle utilis\u00e9e dans le cadre du recrutement dans son [&hellip;]<\/p>\n","protected":false},"author":1,"featured_media":2083,"comment_status":"open","ping_status":"open","sticky":false,"template":"","format":"standard","meta":[],"categories":[3],"tags":[],"_links":{"self":[{"href":"https:\/\/cftc-syntec.fr\/testimport\/wp-json\/wp\/v2\/posts\/2072"}],"collection":[{"href":"https:\/\/cftc-syntec.fr\/testimport\/wp-json\/wp\/v2\/posts"}],"about":[{"href":"https:\/\/cftc-syntec.fr\/testimport\/wp-json\/wp\/v2\/types\/post"}],"author":[{"embeddable":true,"href":"https:\/\/cftc-syntec.fr\/testimport\/wp-json\/wp\/v2\/users\/1"}],"replies":[{"embeddable":true,"href":"https:\/\/cftc-syntec.fr\/testimport\/wp-json\/wp\/v2\/comments?post=2072"}],"version-history":[{"count":0,"href":"https:\/\/cftc-syntec.fr\/testimport\/wp-json\/wp\/v2\/posts\/2072\/revisions"}],"wp:featuredmedia":[{"embeddable":true,"href":"https:\/\/cftc-syntec.fr\/testimport\/wp-json\/wp\/v2\/media\/2083"}],"wp:attachment":[{"href":"https:\/\/cftc-syntec.fr\/testimport\/wp-json\/wp\/v2\/media?parent=2072"}],"wp:term":[{"taxonomy":"category","embeddable":true,"href":"https:\/\/cftc-syntec.fr\/testimport\/wp-json\/wp\/v2\/categories?post=2072"},{"taxonomy":"post_tag","embeddable":true,"href":"https:\/\/cftc-syntec.fr\/testimport\/wp-json\/wp\/v2\/tags?post=2072"}],"curies":[{"name":"wp","href":"https:\/\/api.w.org\/{rel}","templated":true}]}}