{"id":2185,"date":"2021-02-17T16:18:09","date_gmt":"2021-02-17T15:18:09","guid":{"rendered":"http:\/\/cftc-syntec.fr\/testimport\/?p=2185"},"modified":"2021-02-17T16:18:09","modified_gmt":"2021-02-17T15:18:09","slug":"en-avant-le-dialogue-social","status":"publish","type":"post","link":"https:\/\/cftc-syntec.fr\/testimport\/en-avant-le-dialogue-social\/","title":{"rendered":"En avant le dialogue social !"},"content":{"rendered":"<p>Cet article met en avant <a href=\"http:\/\/cftc.fr\/actualites\/des-formations-communes-pour-revigorer-le-dialogue-social\">celui r\u00e9dig\u00e9 par notre conf\u00e9d\u00e9ration<\/a> concernant la pr\u00e9occupation du pr\u00e9sident de l&rsquo;Union R\u00e9gionale CFTC, Alain Melcus.<\/p>\n<h2>Initiative issue du rapport Combrexelle<\/h2>\n<p>Alain Melcus nous en dit quelques mots :<\/p>\n<blockquote><p><i>Ces formations avaient \u00e9t\u00e9 recommand\u00e9es par le rapport Combrexelle, et la Loi Travail les a instaur\u00e9es \u00bb<\/i>. Pour l?EUR(TM)auteur dudit rapport, il s?EUR(TM)agissait, indique la proposition n\u00b012, de\u00a0<i>\u00ab pr\u00e9voir des lieux o\u00f9 serait enseign\u00e9e une p\u00e9dagogie commune aux entreprises et aux syndicats de la n\u00e9gociation,\u00a0<\/i>[?EUR?]<i>, chacun restant ensuite bien \u00e9videmment libre de ses options syndicales \u00bb<\/i>.<\/p><\/blockquote>\n<h2>C&rsquo;est une bonne initiative !<i><\/p>\n<p><\/i><\/h2>\n<blockquote><p><i>Ces derni\u00e8res ann\u00e9es, le dialogue social s?EUR(TM)est un peu rigidifi\u00e9 dans la r\u00e9gion, il ne s?EUR(TM)agit plus vraiment de dialoguer, on est dans un rapport de forces larv\u00e9, qui oppose des organisations et des dogmes, au lieu de favoriser l?EUR(TM)\u00e9change entre personnes \u00bb<\/i>, confie Alain.\u00a0<i>\u00ab Il y a des principes de base qui ne sont plus partag\u00e9s. J?EUR(TM)ai bon espoir que les formations nous aident \u00e0 revivifier et humaniser un dialogue plus personnel, plus fructueux \u00bb<\/i>.<\/p><\/blockquote>\n<h2>Pr\u00e9sentation et r\u00f4le de l&rsquo;<strong>INTEFP <\/strong><\/h2>\n<p>Cr\u00e9\u00e9 en 1975, l?EUR(TM)Institut National du Travail de l?EUR(TM)Emploi et de la Formation Professionnelle est un ??tablissement Public Administratif sous tutelle du ministre du travail : il est surtout charg\u00e9 de la formation initiale des inspecteurs du travail et des contr\u00f4leurs du travail.<\/p>\n<p>L?EUR(TM)INTEFP met notamment en place des formations communes au dialogue social pour des repr\u00e9sentants d&#8217;employeurs et de salari\u00e9s dans la m\u00eame salle pour favoriser l?EUR(TM)\u00e9mergence d?EUR(TM)une culture commune de la n\u00e9gociation.<\/p>\n<p>Ces formations sont tr\u00e8s attendues, entre autres, dans les Hauts-de-France !<\/p>\n<p>Site de l&rsquo;INTEFP : <a href=\"http:\/\/formatdialogue.intefp.fr\/\">http:\/\/formatdialogue.intefp.fr\/<\/a><\/p>\n","protected":false},"excerpt":{"rendered":"<p>Cet article met en avant celui r\u00e9dig\u00e9 par notre conf\u00e9d\u00e9ration concernant la pr\u00e9occupation du pr\u00e9sident de l&rsquo;Union R\u00e9gionale CFTC, Alain Melcus. Initiative issue du rapport Combrexelle Alain Melcus nous en dit quelques mots : Ces formations avaient \u00e9t\u00e9 recommand\u00e9es par le rapport Combrexelle, et la Loi Travail les a instaur\u00e9es \u00bb. Pour l?EUR(TM)auteur dudit rapport, [&hellip;]<\/p>\n","protected":false},"author":1,"featured_media":2187,"comment_status":"open","ping_status":"open","sticky":false,"template":"","format":"standard","meta":[],"categories":[4],"tags":[],"_links":{"self":[{"href":"https:\/\/cftc-syntec.fr\/testimport\/wp-json\/wp\/v2\/posts\/2185"}],"collection":[{"href":"https:\/\/cftc-syntec.fr\/testimport\/wp-json\/wp\/v2\/posts"}],"about":[{"href":"https:\/\/cftc-syntec.fr\/testimport\/wp-json\/wp\/v2\/types\/post"}],"author":[{"embeddable":true,"href":"https:\/\/cftc-syntec.fr\/testimport\/wp-json\/wp\/v2\/users\/1"}],"replies":[{"embeddable":true,"href":"https:\/\/cftc-syntec.fr\/testimport\/wp-json\/wp\/v2\/comments?post=2185"}],"version-history":[{"count":0,"href":"https:\/\/cftc-syntec.fr\/testimport\/wp-json\/wp\/v2\/posts\/2185\/revisions"}],"wp:featuredmedia":[{"embeddable":true,"href":"https:\/\/cftc-syntec.fr\/testimport\/wp-json\/wp\/v2\/media\/2187"}],"wp:attachment":[{"href":"https:\/\/cftc-syntec.fr\/testimport\/wp-json\/wp\/v2\/media?parent=2185"}],"wp:term":[{"taxonomy":"category","embeddable":true,"href":"https:\/\/cftc-syntec.fr\/testimport\/wp-json\/wp\/v2\/categories?post=2185"},{"taxonomy":"post_tag","embeddable":true,"href":"https:\/\/cftc-syntec.fr\/testimport\/wp-json\/wp\/v2\/tags?post=2185"}],"curies":[{"name":"wp","href":"https:\/\/api.w.org\/{rel}","templated":true}]}}