{"id":2234,"date":"2021-03-05T00:31:03","date_gmt":"2021-03-04T23:31:03","guid":{"rendered":"http:\/\/cftc-syntec.fr\/testimport\/?p=2234"},"modified":"2021-03-28T00:56:00","modified_gmt":"2021-03-27T23:56:00","slug":"elections-des-delegues-macif","status":"publish","type":"post","link":"https:\/\/cftc-syntec.fr\/testimport\/elections-des-delegues-macif\/","title":{"rendered":"Elections des d\u00e9l\u00e9gu\u00e9s MACIF"},"content":{"rendered":"<h2>Elections des d\u00e9l\u00e9gu\u00e9s MACIF jusqu&rsquo;au 16 Avril<\/h2>\n<p>Jusqu?EUR(TM)au 16 avril, 5,5 millions de soci\u00e9taires Macif et adh\u00e9rents Apivia Macif Mutuelle sont appel\u00e9s \u00e0 \u00e9lire les d\u00e9l\u00e9gu\u00e9s qui les repr\u00e9senteront sur l?EUR(TM)ensemble du territoire fran\u00e7ais.<\/p>\n<h2><strong>Il n?EUR(TM)y a pas de nous sans vous<\/strong><\/h2>\n<p>?EUR\u00a0la Macif et \u00e0 Apivia Macif Mutuelle, c?EUR(TM)est vous qui choisissez vos repr\u00e9sentants.<\/p>\n<p>En votant, vous faites vivre un mod\u00e8le fond\u00e9 sur le collectif et les valeurs mutualistes.<\/p>\n<p>Parce qu?EUR(TM)il n?EUR(TM)y a pas de nous sans vous, votre participation \u00e0 ce vote est essentielle.<\/p>\n<p>Les <a href=\"http:\/\/jevote.macif.fr\/public\/decouvrir-vos-delegues\/\">d\u00e9l\u00e9gu\u00e9s MACIF<\/a> sont votre \u00e9coute et r\u00e9alise des <a href=\"http:\/\/jevote.macif.fr\/public\/les-actions-de-vos-delegues\/\">actions<\/a> pour l&rsquo;ensemble de ses soci\u00e9taires.<\/p>\n<p style=\"text-align: center;\">\n<p style=\"text-align: center;\"><iframe loading=\"lazy\" class=\" lazyloaded\" title=\"YouTube video player\" src=\"http:\/\/youtube.com\/embed\/F4z7ID7jUMI\" width=\"560\" height=\"315\" frameborder=\"0\" allowfullscreen=\"allowfullscreen\" data-lazy-src=\"http:\/\/youtube.com\/embed\/F4z7ID7jUMI\" data-mce-fragment=\"1\"><\/iframe><\/p>\n<h1 style=\"text-align: center;\">Pour en savoir plus, rendez-vous sur : <a href=\"http:\/\/jevote.macif.fr\/\">jevote.macif.fr<\/a><strong><\/p>\n<p><\/strong><\/h1>\n<p style=\"text-align: center;\"><img decoding=\"async\" loading=\"lazy\" class=\"lazyloaded td-animation-stack-type0-2 aligncenter\" src=\"http:\/\/d1p2aimeyx6kdr.cloudfront.net\/wp-content\/uploads\/sites\/11\/2021\/03\/24133455\/Visuel-article-%C3%A9lections_2.png\" width=\"661\" height=\"885\" data-lazy-src=\"http:\/\/d1p2aimeyx6kdr.cloudfront.net\/wp-content\/uploads\/sites\/11\/2021\/03\/24133455\/Visuel-article-%C3%A9lections_2.png\" \/><\/p>\n<p style=\"text-align: center;\">\n<p style=\"text-align: center;\">\n<p style=\"text-align: center;\">\n<p style=\"text-align: center;\">\n","protected":false},"excerpt":{"rendered":"<p>Elections des d\u00e9l\u00e9gu\u00e9s MACIF jusqu&rsquo;au 16 Avril Jusqu?EUR(TM)au 16 avril, 5,5 millions de soci\u00e9taires Macif et adh\u00e9rents Apivia Macif Mutuelle sont appel\u00e9s \u00e0 \u00e9lire les d\u00e9l\u00e9gu\u00e9s qui les repr\u00e9senteront sur l?EUR(TM)ensemble du territoire fran\u00e7ais. Il n?EUR(TM)y a pas de nous sans vous ?EUR\u00a0la Macif et \u00e0 Apivia Macif Mutuelle, c?EUR(TM)est vous qui choisissez vos repr\u00e9sentants. [&hellip;]<\/p>\n","protected":false},"author":1,"featured_media":2472,"comment_status":"open","ping_status":"open","sticky":false,"template":"","format":"standard","meta":[],"categories":[39],"tags":[],"_links":{"self":[{"href":"https:\/\/cftc-syntec.fr\/testimport\/wp-json\/wp\/v2\/posts\/2234"}],"collection":[{"href":"https:\/\/cftc-syntec.fr\/testimport\/wp-json\/wp\/v2\/posts"}],"about":[{"href":"https:\/\/cftc-syntec.fr\/testimport\/wp-json\/wp\/v2\/types\/post"}],"author":[{"embeddable":true,"href":"https:\/\/cftc-syntec.fr\/testimport\/wp-json\/wp\/v2\/users\/1"}],"replies":[{"embeddable":true,"href":"https:\/\/cftc-syntec.fr\/testimport\/wp-json\/wp\/v2\/comments?post=2234"}],"version-history":[{"count":0,"href":"https:\/\/cftc-syntec.fr\/testimport\/wp-json\/wp\/v2\/posts\/2234\/revisions"}],"wp:featuredmedia":[{"embeddable":true,"href":"https:\/\/cftc-syntec.fr\/testimport\/wp-json\/wp\/v2\/media\/2472"}],"wp:attachment":[{"href":"https:\/\/cftc-syntec.fr\/testimport\/wp-json\/wp\/v2\/media?parent=2234"}],"wp:term":[{"taxonomy":"category","embeddable":true,"href":"https:\/\/cftc-syntec.fr\/testimport\/wp-json\/wp\/v2\/categories?post=2234"},{"taxonomy":"post_tag","embeddable":true,"href":"https:\/\/cftc-syntec.fr\/testimport\/wp-json\/wp\/v2\/tags?post=2234"}],"curies":[{"name":"wp","href":"https:\/\/api.w.org\/{rel}","templated":true}]}}