{"id":3508,"date":"2021-09-04T15:24:45","date_gmt":"2021-09-04T13:24:45","guid":{"rendered":"http:\/\/cftc-syntec.fr\/testimport\/?p=3508"},"modified":"2021-09-04T15:24:45","modified_gmt":"2021-09-04T13:24:45","slug":"evenement-media-days-par-la-federation-media","status":"publish","type":"post","link":"https:\/\/cftc-syntec.fr\/testimport\/evenement-media-days-par-la-federation-media\/","title":{"rendered":"Ev\u00e9nement \u00ab\u00a0MEDIA DAYS\u00a0\u00bb par la f\u00e9d\u00e9ration MEDIA+"},"content":{"rendered":"<h3>Vous \u00eates un adh\u00e9rent de la CFTC Media+, et vous \u00eates n\u00e9 apr\u00e8s le 5 octobre 1985 ?<\/h3>\n<p>Les Media + days sont pour vous ! Il vous reste quelques jours pour s&rsquo;inscrire !<\/p>\n<p>La F\u00e9d\u00e9ration CFTC Media+ est heureuse de vous inviter aux \u00ab\u00a0Media+days\u00a0\u00bb, r\u00e9serv\u00e9s \u00e0 ses jeunes adh\u00e9rents de moins de 36 ans.<\/p>\n<p>Ils se d\u00e9rouleront \u00e0 Paris les 5 et 6 octobre 2021.<\/p>\n<h3>Evenement festif<\/h3>\n<p>Surprises, visite d&rsquo;un lieu mythique, jeux, cadeaux, fiesta seront au programme !<\/p>\n<p>D\u00e8s votre arriv\u00e9e, vous n?EUR(TM)aurez plus \u00e0 vous soucier de rien, la F\u00e9d\u00e9ration s?EUR(TM)occupe de tout (accueil, transport, h\u00e9bergement en h\u00f4tel 3 \u00e9toiles en chambre individuelle, repas?EUR?).<\/p>\n<p>Lors de ces Media+ days sera cr\u00e9\u00e9e la Commission Jeunes de la F\u00e9d\u00e9ration, qui d\u00e9signera son repr\u00e9sentant au Conseil F\u00e9d\u00e9ral, l?EUR(TM)instance d\u00e9cisionnaire de la F\u00e9d\u00e9ration.<\/p>\n<p>Vos frais de transport jusqu?EUR(TM)\u00e0 Paris seront rembours\u00e9s, et vous aurez un cong\u00e9 de formation syndicale pour ces 2 jours.<\/p>\n<h3>Inscrivez-vous !<\/h3>\n<p>&#8230;rapidement aupr\u00e8s de R\u00e9jane BEGOUEN : <a href=\"mailto:rejane.begouen@cftcmediaplus.fr\">rejane.begouen@cftcmediaplus.fr<\/a> ou sur internet \u00ab\u00a0Les Media+ Days &#8211; CFTC Media Plus\u00a0\u00bb<\/p>\n<p>A tr\u00e8s vite, nous vous attendons !<\/p>\n<p>L&rsquo;\u00e9quipe f\u00e9d\u00e9rale<\/p>\n","protected":false},"excerpt":{"rendered":"<p>Vous \u00eates un adh\u00e9rent de la CFTC Media+, et vous \u00eates n\u00e9 apr\u00e8s le 5 octobre 1985 ? Les Media + days sont pour vous ! Il vous reste quelques jours pour s&rsquo;inscrire ! La F\u00e9d\u00e9ration CFTC Media+ est heureuse de vous inviter aux \u00ab\u00a0Media+days\u00a0\u00bb, r\u00e9serv\u00e9s \u00e0 ses jeunes adh\u00e9rents de moins de 36 ans. [&hellip;]<\/p>\n","protected":false},"author":1,"featured_media":3509,"comment_status":"open","ping_status":"open","sticky":false,"template":"","format":"standard","meta":[],"categories":[37],"tags":[],"_links":{"self":[{"href":"https:\/\/cftc-syntec.fr\/testimport\/wp-json\/wp\/v2\/posts\/3508"}],"collection":[{"href":"https:\/\/cftc-syntec.fr\/testimport\/wp-json\/wp\/v2\/posts"}],"about":[{"href":"https:\/\/cftc-syntec.fr\/testimport\/wp-json\/wp\/v2\/types\/post"}],"author":[{"embeddable":true,"href":"https:\/\/cftc-syntec.fr\/testimport\/wp-json\/wp\/v2\/users\/1"}],"replies":[{"embeddable":true,"href":"https:\/\/cftc-syntec.fr\/testimport\/wp-json\/wp\/v2\/comments?post=3508"}],"version-history":[{"count":0,"href":"https:\/\/cftc-syntec.fr\/testimport\/wp-json\/wp\/v2\/posts\/3508\/revisions"}],"wp:featuredmedia":[{"embeddable":true,"href":"https:\/\/cftc-syntec.fr\/testimport\/wp-json\/wp\/v2\/media\/3509"}],"wp:attachment":[{"href":"https:\/\/cftc-syntec.fr\/testimport\/wp-json\/wp\/v2\/media?parent=3508"}],"wp:term":[{"taxonomy":"category","embeddable":true,"href":"https:\/\/cftc-syntec.fr\/testimport\/wp-json\/wp\/v2\/categories?post=3508"},{"taxonomy":"post_tag","embeddable":true,"href":"https:\/\/cftc-syntec.fr\/testimport\/wp-json\/wp\/v2\/tags?post=3508"}],"curies":[{"name":"wp","href":"https:\/\/api.w.org\/{rel}","templated":true}]}}