{"id":3554,"date":"2021-09-25T14:28:38","date_gmt":"2021-09-25T12:28:38","guid":{"rendered":"http:\/\/cftc-syntec.fr\/testimport\/?p=3554"},"modified":"2021-09-25T14:38:13","modified_gmt":"2021-09-25T12:38:13","slug":"letat-soutient-la-formation-aux-metiers-du-numerique","status":"publish","type":"post","link":"https:\/\/cftc-syntec.fr\/testimport\/letat-soutient-la-formation-aux-metiers-du-numerique\/","title":{"rendered":"L?EUR(TM)??tat soutient la formation aux m\u00e9tiers du num\u00e9rique"},"content":{"rendered":"<div class=\"article__excerpt\">\n<p>Depuis le mois d?EUR(TM)ao\u00fbt, les personnes qui utilisent leur compte personnel de formation (CPF) pour se former aux m\u00e9tiers du num\u00e9rique peuvent b\u00e9n\u00e9ficier d?EUR(TM)un cofinancement de la part de l?EUR(TM)??tat.<\/p>\n<\/div>\n<div class=\"article__locked\">\n<div class=\"locked__content\"><\/div>\n<\/div>\n<div class=\"wysiwyg\">\n<p>25 millions d?EUR(TM)euros : c?EUR(TM)est le montant de l?EUR(TM)enveloppe mobilis\u00e9e par l?EUR(TM)??tat dans le cadre de\u00a0<a href=\"http:\/\/centre-inffo.fr\/site-centre-inffo\/actualites-centre-inffo\/le-quotidien-de-la-formation\/articles-2020\/le-plan-de-relance-injecte-plus-de-15-milliards-dans-lemploi-et-la-formation\">France Relance<\/a>\u00a0pour\u00a0<a href=\"http:\/\/centre-inffo.fr\/site-centre-inffo\/actualites-centre-inffo\/le-quotidien-de-la-formation\/articles-2020\/mon-compte-formation-un-outil-au-service-de-la-relance\">abonder les comptes personnels de formation<\/a>\u00a0(CPF) des personnes qui s?EUR(TM)orientent vers des m\u00e9tiers strat\u00e9giques. Les premiers cofinancements ont d\u00e9but\u00e9 au mois d?EUR(TM)ao\u00fbt pour les formations au num\u00e9rique.<\/p>\n<h3>Jusqu?EUR(TM)\u00e0 1 000 euros par dossier de formation<\/h3>\n<p>En pratique, cet abondement est vers\u00e9 aux titulaires d?EUR(TM)un CPF quel que soit leur statut (salari\u00e9s, demandeurs d?EUR(TM)emploi ou ind\u00e9pendants) qui s?EUR(TM)inscrivent \u00e0 une formation au num\u00e9rique. Il est vers\u00e9 lorsque le solde de leur compte est insuffisant pour payer la formation. La contribution financi\u00e8re de l?EUR(TM)??tat est plafonn\u00e9e \u00e0 1 000 euros par dossier de formation. Mais elle peut intervenir en compl\u00e9ment d?EUR(TM)un financement par le titulaire lui-m\u00eame ou d?EUR(TM)un abondement de la part d?EUR(TM)un autre financeur : P\u00f4le emploi, employeur, op\u00e9rateur de comp\u00e9tences ou R\u00e9gion.<\/p>\n<p>L?EUR(TM)abondement intervient en compl\u00e9ment des droits acquis. Il est propos\u00e9 au titulaire au moment de la recherche d?EUR(TM)une formation depuis l?EUR(TM)application mobile ou le site Internet \u00ab\u00a0<a href=\"http:\/\/moncompteformation.gouv.fr\/espace-prive\/html\/#\/\" target=\"_blank\" rel=\"noopener noreferrer\">Mon compte formation<\/a>\u00a0\u00bb. Le titulaire pourra activer l?EUR(TM)aide de l?EUR(TM)??tat une fois que l?EUR(TM)organisme de formation lui aura envoy\u00e9 sa proposition. Le montant de l?EUR(TM)abondement est calcul\u00e9 automatiquement en fonction de la situation de son compte.<\/p>\n<h3>De nombreuses formations \u00e9ligibles<\/h3>\n<p>Le coup de pouce de l?EUR(TM)??tat concerne des formations au num\u00e9rique inscrites au RNCP ou au r\u00e9pertoire sp\u00e9cifique. L?EUR(TM)abondement s?EUR(TM)applique par exemple \u00e0 des parcours pr\u00e9parant au m\u00e9tier de d\u00e9veloppeur web, de cr\u00e9ateur et administrateur de site Internet, de technicien d?EUR(TM)assistance en informatique?EUR? ou encore \u00e0 des actions de formation plus sp\u00e9cifiques telles que celles d\u00e9bouchant sur le certificat de capacit\u00e9 \u00e0 la cr\u00e9ation et \u00e0 l?EUR(TM)administration d?EUR(TM)un site web avec le CMS WordPress?EUR?<\/p>\n<\/div>\n<p><em>Une information ci-dessous de \u00ab\u00a0centre inffo\u00a0\u00bb, une association sous tutelle du minist\u00e8re en charge de la Formation professionnelle.<\/em><\/p>\n<blockquote class=\"wp-embedded-content\" data-secret=\"0SGy9WuEua\"><p><a href=\"http:\/\/centre-inffo.fr\/site-centre-inffo\/actualites-centre-inffo\/le-quotidien-de-la-formation-actualite-formation-professionnelle-apprentissage\/articles-2021\/letat-soutient-la-formation-aux-metiers-du-numerique\">L?EUR(TM)??tat soutient la formation aux m\u00e9tiers du num\u00e9rique<\/a><\/p><\/blockquote>\n<p><iframe class=\"wp-embedded-content\" sandbox=\"allow-scripts\" security=\"restricted\" style=\"position: absolute; clip: rect(1px, 1px, 1px, 1px);\" title=\"\u00ab\u00a0L?EUR(TM)??tat soutient la formation aux m\u00e9tiers du num\u00e9rique\u00a0\u00bb &#8212; Centre Inffo\" src=\"http:\/\/centre-inffo.fr\/site-centre-inffo\/actualites-centre-inffo\/le-quotidien-de-la-formation-actualite-formation-professionnelle-apprentissage\/articles-2021\/letat-soutient-la-formation-aux-metiers-du-numerique\/embed#?secret=0SGy9WuEua\" data-secret=\"0SGy9WuEua\" width=\"600\" height=\"338\" frameborder=\"0\" marginwidth=\"0\" marginheight=\"0\" scrolling=\"no\"><\/iframe><\/p>\n","protected":false},"excerpt":{"rendered":"<p>Depuis le mois d?EUR(TM)ao\u00fbt, les personnes qui utilisent leur compte personnel de formation (CPF) pour se former aux m\u00e9tiers du num\u00e9rique peuvent b\u00e9n\u00e9ficier d?EUR(TM)un cofinancement de la part de l?EUR(TM)??tat. 25 millions d?EUR(TM)euros : c?EUR(TM)est le montant de l?EUR(TM)enveloppe mobilis\u00e9e par l?EUR(TM)??tat dans le cadre de\u00a0France Relance\u00a0pour\u00a0abonder les comptes personnels de formation\u00a0(CPF) des personnes qui [&hellip;]<\/p>\n","protected":false},"author":1,"featured_media":3555,"comment_status":"open","ping_status":"open","sticky":false,"template":"","format":"standard","meta":[],"categories":[8],"tags":[],"_links":{"self":[{"href":"https:\/\/cftc-syntec.fr\/testimport\/wp-json\/wp\/v2\/posts\/3554"}],"collection":[{"href":"https:\/\/cftc-syntec.fr\/testimport\/wp-json\/wp\/v2\/posts"}],"about":[{"href":"https:\/\/cftc-syntec.fr\/testimport\/wp-json\/wp\/v2\/types\/post"}],"author":[{"embeddable":true,"href":"https:\/\/cftc-syntec.fr\/testimport\/wp-json\/wp\/v2\/users\/1"}],"replies":[{"embeddable":true,"href":"https:\/\/cftc-syntec.fr\/testimport\/wp-json\/wp\/v2\/comments?post=3554"}],"version-history":[{"count":0,"href":"https:\/\/cftc-syntec.fr\/testimport\/wp-json\/wp\/v2\/posts\/3554\/revisions"}],"wp:featuredmedia":[{"embeddable":true,"href":"https:\/\/cftc-syntec.fr\/testimport\/wp-json\/wp\/v2\/media\/3555"}],"wp:attachment":[{"href":"https:\/\/cftc-syntec.fr\/testimport\/wp-json\/wp\/v2\/media?parent=3554"}],"wp:term":[{"taxonomy":"category","embeddable":true,"href":"https:\/\/cftc-syntec.fr\/testimport\/wp-json\/wp\/v2\/categories?post=3554"},{"taxonomy":"post_tag","embeddable":true,"href":"https:\/\/cftc-syntec.fr\/testimport\/wp-json\/wp\/v2\/tags?post=3554"}],"curies":[{"name":"wp","href":"https:\/\/api.w.org\/{rel}","templated":true}]}}