{"id":3565,"date":"2021-09-28T09:39:11","date_gmt":"2021-09-28T07:39:11","guid":{"rendered":"http:\/\/cftc-syntec.fr\/testimport\/?p=3565"},"modified":"2021-09-28T09:39:11","modified_gmt":"2021-09-28T07:39:11","slug":"les-seniors-dans-lentreprise-une-richesse-a-ne-pas-gacher","status":"publish","type":"post","link":"https:\/\/cftc-syntec.fr\/testimport\/les-seniors-dans-lentreprise-une-richesse-a-ne-pas-gacher\/","title":{"rendered":"Les seniors dans l&rsquo;entreprise, une richesse \u00e0 ne pas g\u00e2cher !"},"content":{"rendered":"<p>Une information de l&rsquo;association lilloise <a href=\"http:\/\/competencesetemplois.org\/\">Comp\u00e9tences et Emplois<\/a> qui rassemble \u00e9lus, employeurs, syndicats de salari\u00e9s et secteur associatif concernant l&rsquo;\u00e9mission \u00ab <em><a href=\"http:\/\/YouTu.be\/d8lgJ3bLDuk\">les seniors dans l?EUR(TM)entreprise, une richesse \u00e0 ne pas g\u00e2cher<\/a>\u00a0!<\/em>\u00a0\u00bb, ce mardi 28 septembre \u00e0 11h45.<\/p>\n<p>Vous y d\u00e9couvrirez de nombreux t\u00e9moignages d?EUR(TM)entrepreneurs, de salari\u00e9s exp\u00e9riment\u00e9s et de hauts politiques et la plateforme Atout?EUR(TM)\u00e2ge : <a href=\"http:\/\/atout-age.fr\">atout-age.fr<\/a><\/p>\n<p>A partager !<\/p>\n<p><img decoding=\"async\" loading=\"lazy\" class=\"alignnone size-full wp-image-3567\" src=\"http:\/\/cftc-syntec.fr\/testimport\/wp-content\/uploads\/sites\/11\/2021\/09\/compet.png\" alt=\"\" width=\"626\" height=\"71\" srcset=\"https:\/\/cftc-syntec.fr\/testimport\/wp-content\/uploads\/sites\/11\/2021\/09\/compet.png 626w, https:\/\/cftc-syntec.fr\/testimport\/wp-content\/uploads\/sites\/11\/2021\/09\/compet-300x34.png 300w\" sizes=\"(max-width: 626px) 100vw, 626px\" \/><\/p>\n","protected":false},"excerpt":{"rendered":"<p>Une information de l&rsquo;association lilloise Comp\u00e9tences et Emplois qui rassemble \u00e9lus, employeurs, syndicats de salari\u00e9s et secteur associatif concernant l&rsquo;\u00e9mission \u00ab les seniors dans l?EUR(TM)entreprise, une richesse \u00e0 ne pas g\u00e2cher\u00a0!\u00a0\u00bb, ce mardi 28 septembre \u00e0 11h45. Vous y d\u00e9couvrirez de nombreux t\u00e9moignages d?EUR(TM)entrepreneurs, de salari\u00e9s exp\u00e9riment\u00e9s et de hauts politiques et la plateforme Atout?EUR(TM)\u00e2ge [&hellip;]<\/p>\n","protected":false},"author":1,"featured_media":3566,"comment_status":"open","ping_status":"open","sticky":false,"template":"","format":"standard","meta":[],"categories":[49],"tags":[],"_links":{"self":[{"href":"https:\/\/cftc-syntec.fr\/testimport\/wp-json\/wp\/v2\/posts\/3565"}],"collection":[{"href":"https:\/\/cftc-syntec.fr\/testimport\/wp-json\/wp\/v2\/posts"}],"about":[{"href":"https:\/\/cftc-syntec.fr\/testimport\/wp-json\/wp\/v2\/types\/post"}],"author":[{"embeddable":true,"href":"https:\/\/cftc-syntec.fr\/testimport\/wp-json\/wp\/v2\/users\/1"}],"replies":[{"embeddable":true,"href":"https:\/\/cftc-syntec.fr\/testimport\/wp-json\/wp\/v2\/comments?post=3565"}],"version-history":[{"count":0,"href":"https:\/\/cftc-syntec.fr\/testimport\/wp-json\/wp\/v2\/posts\/3565\/revisions"}],"wp:featuredmedia":[{"embeddable":true,"href":"https:\/\/cftc-syntec.fr\/testimport\/wp-json\/wp\/v2\/media\/3566"}],"wp:attachment":[{"href":"https:\/\/cftc-syntec.fr\/testimport\/wp-json\/wp\/v2\/media?parent=3565"}],"wp:term":[{"taxonomy":"category","embeddable":true,"href":"https:\/\/cftc-syntec.fr\/testimport\/wp-json\/wp\/v2\/categories?post=3565"},{"taxonomy":"post_tag","embeddable":true,"href":"https:\/\/cftc-syntec.fr\/testimport\/wp-json\/wp\/v2\/tags?post=3565"}],"curies":[{"name":"wp","href":"https:\/\/api.w.org\/{rel}","templated":true}]}}