{"id":3848,"date":"2022-01-03T08:38:04","date_gmt":"2022-01-03T07:38:04","guid":{"rendered":"https:\/\/cftc-syntec.fr\/testimport\/ag-de-la-cftc-la-poste-section-nationale\/"},"modified":"2022-01-03T08:38:04","modified_gmt":"2022-01-03T07:38:04","slug":"ag-de-la-cftc-la-poste-section-nationale","status":"publish","type":"post","link":"https:\/\/cftc-syntec.fr\/testimport\/ag-de-la-cftc-la-poste-section-nationale\/","title":{"rendered":"AG DE LA CFTC LA POSTE SECTION NATIONALE"},"content":{"rendered":"<p>L\u2019assembl\u00e9e g\u00e9n\u00e9rale de la CFTC La Poste Section Nationale s\u2019est tenue le 12 octobre 2021 \u00e0 Paris, en pr\u00e9sence du pr\u00e9sident conf\u00e9d\u00e9ral de la CFTC. Cyril Chabanier. Ce dernier a appel\u00e9 \u00e0 l\u2019unit\u00e9 et \u00e0 la coh\u00e9sion pour gagner la repr\u00e9sentativit\u00e9 aux futures \u00e9lections CSE de La Poste en 2023.<\/p>\n<p>Christophe Barrat est \u00e9lu pr\u00e9sident de la SNLP (Section Nationale La Poste) et sa nouvelle \u00e9quipe est mise en place : le vice-pr\u00e9sident Willy Toniutti, la secr\u00e9taire nationale Chantal Bonhoure et six secr\u00e9taires nationaux adjoints en charge respectivement : Philippe Bourgeois du Corporate, Fr\u00e9d\u00e9ric Barrat de la BSCC (Branche Services Courrier Colis), Patrick Leschier de la BGPN (Branche Grand Public Num\u00e9rique) et du SF (Services Financiers), Torsten Gardian du Social, Serge Marguet du d\u00e9veloppement et Corinne Cochard de la communication. Les 12 membres \u00e9lus du bureau sont : S\u00e9bastien Anfray, J\u00e9r\u00f4me Aubert, R\u00e9jane Bego\u00fcen, Lamir Benabass, Marie Cartucci, Philippe Jacquot, Gr\u00e9gory Lewandrowski, Yves Munch, Didier Rinker, R\u00e9mi Roscian, Sylv\u00e8re Tichy et Damien Tune.<\/p>\n<p>Anne Chatain, pr\u00e9sidente de la F\u00e9d\u00e9ration CFTC M\u00e9dia+, fait part du soutien de la F\u00e9d\u00e9ration qui sera aux c\u00f4t\u00e9s de cette nouvelle \u00e9quipe pour relever le d\u00e9fi des prochaines \u00e9lections.<\/p>\n<p>Christian Billet et \u00c9ric Jacquinet sont remerci\u00e9s vivement pour leur engagement au sein de la SNLP et deviennent respectivement pr\u00e9sident d\u2019honneur et vice-pr\u00e9sident d\u2019honneur.<\/p>\n<p>L\u2019ambition de ce nouveau bureau est de porter haut les couleurs de la CFTC et de mettre en avant ses valeurs. Les enjeux sont importants, la motivation et l\u2019engagement seront ses principaux atouts.<\/p>\n<p class=\"has-text-align-center has-primary-color has-text-color has-medium-font-size\"><strong>R\u00c9ACTION CFTC<\/strong><\/p>\n<p class=\"has-text-align-center has-primary-color has-text-color\">LE GOUPE LA POSTE A ANNONC\u00c9 SON INTENTION DE DEVENIR L\u2019ACTIONNAIRE UNIQUE DE CNP ASSURANCES VIA LA BANQUE POSTALE.<\/p>\n<p>Cette op\u00e9ration acc\u00e9l\u00e8re le mod\u00e8le de transformation du Groupe. La CFTC consid\u00e8re que ce projet fait sens comme elle l\u2019avait d\u00e9j\u00e0 savoir lors de l\u2019annonce du projet initial dit Mandarine. Ce projet permet de construire un ensemble coh\u00e9rent de \u201cbancassurance\u201d. Pour autant, la CFTC restera vigilante sur les conditions du financement annonc\u00e9 (5,6 milliards d\u2019euros) ainsi que sur les cons\u00e9quences pour les diff\u00e9rents m\u00e9tiers au sein du Groupe, en particulier celui de la gestion d\u2019actifs et tous ceux autour de l\u2019assurance. La CFTC sera attentive \u00e0 ce que ce projet soit gagnant\/gagnant pour les salari\u00e9s des diff\u00e9rentes entit\u00e9s concern\u00e9es et que les autres branches d\u2019activit\u00e9s du Groupe restent diverses et en d\u00e9veloppement<\/p>\n<p>L\u2019article <a href=\"https:\/\/www.cftcmediaplus.fr\/postes\/ag-de-la-cftc-la-poste-section-nationale\/\">AG DE LA CFTC LA POSTE SECTION NATIONALE<\/a> est apparu en premier sur <a href=\"https:\/\/www.cftcmediaplus.fr\/\">CFTC Media Plus<\/a>.<\/p>","protected":false},"excerpt":{"rendered":"<p>L\u2019assembl\u00e9e g\u00e9n\u00e9rale de la CFTC La Poste Section Nationale s\u2019est tenue le 12 octobre 2021 \u00e0 Paris, en pr\u00e9sence du pr\u00e9sident conf\u00e9d\u00e9ral de la CFTC. Cyril Chabanier. Ce dernier a appel\u00e9 \u00e0 l\u2019unit\u00e9 et \u00e0 la coh\u00e9sion pour gagner la repr\u00e9sentativit\u00e9 aux futures \u00e9lections CSE de La Poste en 2023. Christophe Barrat est \u00e9lu pr\u00e9sident [&hellip;]<\/p>\n","protected":false},"author":0,"featured_media":0,"comment_status":"open","ping_status":"open","sticky":false,"template":"","format":"standard","meta":[],"categories":[1],"tags":[],"_links":{"self":[{"href":"https:\/\/cftc-syntec.fr\/testimport\/wp-json\/wp\/v2\/posts\/3848"}],"collection":[{"href":"https:\/\/cftc-syntec.fr\/testimport\/wp-json\/wp\/v2\/posts"}],"about":[{"href":"https:\/\/cftc-syntec.fr\/testimport\/wp-json\/wp\/v2\/types\/post"}],"replies":[{"embeddable":true,"href":"https:\/\/cftc-syntec.fr\/testimport\/wp-json\/wp\/v2\/comments?post=3848"}],"version-history":[{"count":0,"href":"https:\/\/cftc-syntec.fr\/testimport\/wp-json\/wp\/v2\/posts\/3848\/revisions"}],"wp:attachment":[{"href":"https:\/\/cftc-syntec.fr\/testimport\/wp-json\/wp\/v2\/media?parent=3848"}],"wp:term":[{"taxonomy":"category","embeddable":true,"href":"https:\/\/cftc-syntec.fr\/testimport\/wp-json\/wp\/v2\/categories?post=3848"},{"taxonomy":"post_tag","embeddable":true,"href":"https:\/\/cftc-syntec.fr\/testimport\/wp-json\/wp\/v2\/tags?post=3848"}],"curies":[{"name":"wp","href":"https:\/\/api.w.org\/{rel}","templated":true}]}}