{"id":3849,"date":"2022-01-03T08:38:05","date_gmt":"2022-01-03T07:38:05","guid":{"rendered":"https:\/\/cftc-syntec.fr\/testimport\/comite-national-federal\/"},"modified":"2022-01-03T08:38:05","modified_gmt":"2022-01-03T07:38:05","slug":"comite-national-federal","status":"publish","type":"post","link":"https:\/\/cftc-syntec.fr\/testimport\/comite-national-federal\/","title":{"rendered":"COMIT\u00c9 NATIONAL F\u00c9D\u00c9RAL"},"content":{"rendered":"<p>Le comit\u00e9 national s\u2019est tenu le 23 novembre 2021 \u00e0 Paris. Ce comit\u00e9, instaur\u00e9 par les statuts de la F\u00e9d\u00e9ration adopt\u00e9s lors du dernier congr\u00e8s f\u00e9d\u00e9ral, regroupe les conseillers f\u00e9d\u00e9raux, les 20 premiers candidats suivants non \u00e9lus lors du congr\u00e8s, les repr\u00e9sentants des syndicats et des sections, ainsi que des permanents f\u00e9d\u00e9raux. Organe politique et consultatif de notre F\u00e9d\u00e9ration, son but est avant tout d\u2019\u00e9changer. \u00c9changer sur les nouveaut\u00e9s de la F\u00e9d\u00e9ration et du mouvement, sur les initiatives prises dans les syndicats et les sections et surtout \u00e9changer avec vous et entre vous. Ce comit\u00e9 qui se tient quasiment \u00e0 mi-mandature 2019- 2023 a \u00e9t\u00e9 l\u2019occasion de faire un bilan \u00e0 mi-mandat.<\/p>\n<p>Moments de rencontre, de convivialit\u00e9, s\u00e9ances de questions \/ r\u00e9ponses, ont rythm\u00e9 cette journ\u00e9e, fort dense. Au programme, entre autres, le challenge d\u2019adh\u00e9sion du Bas-Rhin, le guide des nouveaux adh\u00e9rents, comment s\u2019implanter et cr\u00e9er une nouvelle section, les fusions de syndicats, la cr\u00e9ation de la Commission Jeunes, la formation f\u00e9d\u00e9rale, les goodies \u2026<\/p>\n<p>Ce comit\u00e9 a aussi \u00e9t\u00e9 l\u2019occasion de faire un point sur les \u00e9lections dans nos branches, le r\u00e9sultat du 3e cycle dans nos secteurs, ainsi que de parler des futures \u00e9lections \u00e0 La Poste et leurs cons\u00e9quences sur la f\u00e9d\u00e9ration.<\/p>\n<p>L\u2019article <a href=\"https:\/\/www.cftcmediaplus.fr\/federation\/comite-national-federal\/\">COMIT\u00c9 NATIONAL F\u00c9D\u00c9RAL<\/a> est apparu en premier sur <a href=\"https:\/\/www.cftcmediaplus.fr\/\">CFTC Media Plus<\/a>.<\/p>","protected":false},"excerpt":{"rendered":"<p>Le comit\u00e9 national s\u2019est tenu le 23 novembre 2021 \u00e0 Paris. Ce comit\u00e9, instaur\u00e9 par les statuts de la F\u00e9d\u00e9ration adopt\u00e9s lors du dernier congr\u00e8s f\u00e9d\u00e9ral, regroupe les conseillers f\u00e9d\u00e9raux, les 20 premiers candidats suivants non \u00e9lus lors du congr\u00e8s, les repr\u00e9sentants des syndicats et des sections, ainsi que des permanents f\u00e9d\u00e9raux. Organe politique et [&hellip;]<\/p>\n","protected":false},"author":0,"featured_media":0,"comment_status":"open","ping_status":"open","sticky":false,"template":"","format":"standard","meta":[],"categories":[1],"tags":[],"_links":{"self":[{"href":"https:\/\/cftc-syntec.fr\/testimport\/wp-json\/wp\/v2\/posts\/3849"}],"collection":[{"href":"https:\/\/cftc-syntec.fr\/testimport\/wp-json\/wp\/v2\/posts"}],"about":[{"href":"https:\/\/cftc-syntec.fr\/testimport\/wp-json\/wp\/v2\/types\/post"}],"replies":[{"embeddable":true,"href":"https:\/\/cftc-syntec.fr\/testimport\/wp-json\/wp\/v2\/comments?post=3849"}],"version-history":[{"count":0,"href":"https:\/\/cftc-syntec.fr\/testimport\/wp-json\/wp\/v2\/posts\/3849\/revisions"}],"wp:attachment":[{"href":"https:\/\/cftc-syntec.fr\/testimport\/wp-json\/wp\/v2\/media?parent=3849"}],"wp:term":[{"taxonomy":"category","embeddable":true,"href":"https:\/\/cftc-syntec.fr\/testimport\/wp-json\/wp\/v2\/categories?post=3849"},{"taxonomy":"post_tag","embeddable":true,"href":"https:\/\/cftc-syntec.fr\/testimport\/wp-json\/wp\/v2\/tags?post=3849"}],"curies":[{"name":"wp","href":"https:\/\/api.w.org\/{rel}","templated":true}]}}