{"id":3851,"date":"2022-01-03T08:38:05","date_gmt":"2022-01-03T07:38:05","guid":{"rendered":"https:\/\/cftc-syntec.fr\/testimport\/les-media-days-la-premiere-commission-jeunes\/"},"modified":"2022-01-03T08:38:05","modified_gmt":"2022-01-03T07:38:05","slug":"les-media-days-la-premiere-commission-jeunes","status":"publish","type":"post","link":"https:\/\/cftc-syntec.fr\/testimport\/les-media-days-la-premiere-commission-jeunes\/","title":{"rendered":"LES MEDIA+ DAYS: LA PREMI\u00c8RE COMMISSION JEUNES"},"content":{"rendered":"<div class=\"wp-block-columns\">\n<div class=\"wp-block-column\">\n<\/div>\n<div class=\"wp-block-column\">\n<p>En octobre, pour la cr\u00e9ation de la toute premi\u00e8re Commission Jeunes de la F\u00e9d\u00e9ration Media+days, deux jours de rencontre ont \u00e9t\u00e9 organis\u00e9s. Agathe Melet et Marko Miocic sont les deux repr\u00e9sentants \u00e9lus.<\/p>\n<p>Depuis le congr\u00e8s de Ronce-les-Bains en juin 2019, les statuts f\u00e9d\u00e9raux obligent la f\u00e9d\u00e9ration \u00e0 avoir un repr\u00e9sentant des jeunes dans son conseil, comme c\u2019est d\u00e9j\u00e0 le cas \u00e0 la conf\u00e9d\u00e9ration. Comment choisir ce jeune de moins de 36 ans parmi les 500 de notre f\u00e9d\u00e9ration ? Rapidement, l\u2019id\u00e9e retenue a \u00e9t\u00e9 de cr\u00e9er un \u00e9v\u00e8nement, afin qu\u2019ils se rencontrent et qu\u2019ils \u00e9lisent les membres de cette Commission Jeunes. Ensuite, ces membres \u00e9lus devront voter pour choisir leurs repr\u00e9sentants, soit un titulaire et un suppl\u00e9ant.<\/p>\n<p>Les conditions sanitaires ont repouss\u00e9 la tenue de cet \u00e9v\u00e9nement qui a enfin pu avoir lieu les 5 et 6 octobre 2021, \u00e0 Paris. Tout a commenc\u00e9 en juin 2021 par l\u2019envoi d\u2019une invitation par mail \u00e0 laquelle une cinquantaine de jeunes adh\u00e9rents ont r\u00e9pondu. Lors de ces deux journ\u00e9es d\u2019octobre, ils ont \u00e9t\u00e9 re\u00e7us dans un h\u00f4tel avec vue sur Montmartre, un escape-Game a \u00e9t\u00e9 organis\u00e9 pour les aider \u00e0 se conna\u00eetre, des ateliers pour travailler ensemble \u00e9taient pr\u00e9vus ainsi qu\u2019une soir\u00e9e festive pour cl\u00f4turer cette premi\u00e8re journ\u00e9e. Le lendemain, une visite, gard\u00e9e secr\u00e8te jusqu\u2019au dernier moment, \u00e9tait au programme. Ils ont ainsi d\u00e9couvert le Studio Gabriel tout en bas des Champs-Elys\u00e9es, privatis\u00e9 pour l\u2019\u00e9v\u00e9nement, o\u00f9 ils ont \u00e9t\u00e9 re\u00e7us comme des stars sur un plateau configur\u00e9 comme pour un jeu t\u00e9l\u00e9vis\u00e9\u2026 Vote en ligne, quiz sur smartphone, l\u2019illusion \u00e9tait parfaite, les r\u00e9sultats bien r\u00e9els, eux. Une visite des studios \u00e9tait bien s\u00fbr au programme.<\/p>\n<p>Les membres de la commission et leurs repr\u00e9sentants \u00e9lus \u00e0 l\u2019issue de ce vote sont : Agathe Melet, Marko Miocic \u2013 Gaylord Pouabou \u2013 Lazare Olivry \u2013 Cissokho Oumou \u2013 Audrey Fontaine \u2013 J\u00e9r\u00e9my Jouault \u2013 Charly Chatagnier \u2013 Bastien Melet \u2013 Franck Leroy \u2013 Cathelyne Bessaguet \u2013 Sarah Bonnion \u2013 Romain Nollez.<\/p>\n<p>Les repr\u00e9sentants de la Commission Jeunes d\u00e9sign\u00e9s au Conseil F\u00e9d\u00e9ral sont Agathe Melet, titulaire et Marko Miocic, suppl\u00e9ant. <\/p>\n<\/div>\n<div class=\"wp-block-column\">\n<\/div>\n<\/div>\n<p>L\u2019article <a href=\"https:\/\/www.cftcmediaplus.fr\/federation\/les-media-days-la-premiere-commission-jeunes\/\">LES MEDIA+ DAYS: LA PREMI\u00c8RE COMMISSION JEUNES<\/a> est apparu en premier sur <a href=\"https:\/\/www.cftcmediaplus.fr\/\">CFTC Media Plus<\/a>.<\/p>","protected":false},"excerpt":{"rendered":"<p>En octobre, pour la cr\u00e9ation de la toute premi\u00e8re Commission Jeunes de la F\u00e9d\u00e9ration Media+days, deux jours de rencontre ont \u00e9t\u00e9 organis\u00e9s. Agathe Melet et Marko Miocic sont les deux repr\u00e9sentants \u00e9lus. Depuis le congr\u00e8s de Ronce-les-Bains en juin 2019, les statuts f\u00e9d\u00e9raux obligent la f\u00e9d\u00e9ration \u00e0 avoir un repr\u00e9sentant des jeunes dans son conseil, [&hellip;]<\/p>\n","protected":false},"author":0,"featured_media":0,"comment_status":"open","ping_status":"open","sticky":false,"template":"","format":"standard","meta":[],"categories":[1],"tags":[],"_links":{"self":[{"href":"https:\/\/cftc-syntec.fr\/testimport\/wp-json\/wp\/v2\/posts\/3851"}],"collection":[{"href":"https:\/\/cftc-syntec.fr\/testimport\/wp-json\/wp\/v2\/posts"}],"about":[{"href":"https:\/\/cftc-syntec.fr\/testimport\/wp-json\/wp\/v2\/types\/post"}],"replies":[{"embeddable":true,"href":"https:\/\/cftc-syntec.fr\/testimport\/wp-json\/wp\/v2\/comments?post=3851"}],"version-history":[{"count":0,"href":"https:\/\/cftc-syntec.fr\/testimport\/wp-json\/wp\/v2\/posts\/3851\/revisions"}],"wp:attachment":[{"href":"https:\/\/cftc-syntec.fr\/testimport\/wp-json\/wp\/v2\/media?parent=3851"}],"wp:term":[{"taxonomy":"category","embeddable":true,"href":"https:\/\/cftc-syntec.fr\/testimport\/wp-json\/wp\/v2\/categories?post=3851"},{"taxonomy":"post_tag","embeddable":true,"href":"https:\/\/cftc-syntec.fr\/testimport\/wp-json\/wp\/v2\/tags?post=3851"}],"curies":[{"name":"wp","href":"https:\/\/api.w.org\/{rel}","templated":true}]}}