{"id":3855,"date":"2022-01-07T23:52:00","date_gmt":"2022-01-07T22:52:00","guid":{"rendered":"https:\/\/cftc-syntec.fr\/testimport\/le-gouvernement-reactive-le-dispositif-de-chomage-partiel-pour-le-secteur-de-laudiovisuel\/"},"modified":"2022-01-07T23:52:00","modified_gmt":"2022-01-07T22:52:00","slug":"le-gouvernement-reactive-le-dispositif-de-chomage-partiel-pour-le-secteur-de-laudiovisuel","status":"publish","type":"post","link":"https:\/\/cftc-syntec.fr\/testimport\/le-gouvernement-reactive-le-dispositif-de-chomage-partiel-pour-le-secteur-de-laudiovisuel\/","title":{"rendered":"Le gouvernement r\u00e9active le dispositif de ch\u00f4mage partiel pour le secteur de l\u2019audiovisuel"},"content":{"rendered":"<p>Le pass vaccinal \u00e9tant bient\u00f4t demand\u00e9 pour acc\u00e9der aux salles de spectacles et de cin\u00e9ma, celles-ci connaitront certainement une baisse de fr\u00e9quentation. Pour compenser les baisses de chiffre d\u2019affaires pr\u00e9visibles, le gouvernement a d\u00e9cid\u00e9 de r\u00e9activer les mesures d\u2019accompagnement.<\/p>\n<p>Les employeurs des secteurs culturels pourront avoir recours \u00e0 l\u2019activit\u00e9 partielle, sans aucun reste \u00e0 charge.<\/p>\n<p>Le dispositif d\u2019acc\u00e8s d\u00e9rogatoire sera \u00e9galement r\u00e9activ\u00e9. Les intermittents du spectacle, artistes ou techniciens, dont les engagements seraient annul\u00e9s ou report\u00e9s pour la p\u00e9riode du 27 d\u00e9cembre 2021 au 31 janvier 2022, pourront b\u00e9n\u00e9ficier du ch\u00f4mage partiel.<\/p>\n<p>L\u2019article <a href=\"https:\/\/www.cftcmediaplus.fr\/audiovisuel\/le-gouvernement-reactive-le-dispositif-de-chomage-partiel-pour-le-secteur-de-laudiovisuel\/\">Le gouvernement r\u00e9active le dispositif de ch\u00f4mage partiel pour le secteur de l\u2019audiovisuel<\/a> est apparu en premier sur <a href=\"https:\/\/www.cftcmediaplus.fr\/\">CFTC Media Plus<\/a>.<\/p>","protected":false},"excerpt":{"rendered":"<p>Le pass vaccinal \u00e9tant bient\u00f4t demand\u00e9 pour acc\u00e9der aux salles de spectacles et de cin\u00e9ma, celles-ci connaitront certainement une baisse de fr\u00e9quentation. Pour compenser les baisses de chiffre d\u2019affaires pr\u00e9visibles, le gouvernement a d\u00e9cid\u00e9 de r\u00e9activer les mesures d\u2019accompagnement. Les employeurs des secteurs culturels pourront avoir recours \u00e0 l\u2019activit\u00e9 partielle, sans aucun reste \u00e0 charge. [&hellip;]<\/p>\n","protected":false},"author":0,"featured_media":0,"comment_status":"open","ping_status":"open","sticky":false,"template":"","format":"standard","meta":[],"categories":[1],"tags":[],"_links":{"self":[{"href":"https:\/\/cftc-syntec.fr\/testimport\/wp-json\/wp\/v2\/posts\/3855"}],"collection":[{"href":"https:\/\/cftc-syntec.fr\/testimport\/wp-json\/wp\/v2\/posts"}],"about":[{"href":"https:\/\/cftc-syntec.fr\/testimport\/wp-json\/wp\/v2\/types\/post"}],"replies":[{"embeddable":true,"href":"https:\/\/cftc-syntec.fr\/testimport\/wp-json\/wp\/v2\/comments?post=3855"}],"version-history":[{"count":0,"href":"https:\/\/cftc-syntec.fr\/testimport\/wp-json\/wp\/v2\/posts\/3855\/revisions"}],"wp:attachment":[{"href":"https:\/\/cftc-syntec.fr\/testimport\/wp-json\/wp\/v2\/media?parent=3855"}],"wp:term":[{"taxonomy":"category","embeddable":true,"href":"https:\/\/cftc-syntec.fr\/testimport\/wp-json\/wp\/v2\/categories?post=3855"},{"taxonomy":"post_tag","embeddable":true,"href":"https:\/\/cftc-syntec.fr\/testimport\/wp-json\/wp\/v2\/tags?post=3855"}],"curies":[{"name":"wp","href":"https:\/\/api.w.org\/{rel}","templated":true}]}}