{"id":3924,"date":"2022-01-10T19:41:41","date_gmt":"2022-01-10T18:41:41","guid":{"rendered":"https:\/\/cftc-syntec.fr\/testimport\/meilleurs-voeux-de-la-cftc-la-poste\/"},"modified":"2022-01-10T19:41:41","modified_gmt":"2022-01-10T18:41:41","slug":"meilleurs-voeux-de-la-cftc-la-poste","status":"publish","type":"post","link":"https:\/\/cftc-syntec.fr\/testimport\/meilleurs-voeux-de-la-cftc-la-poste\/","title":{"rendered":"Meilleurs voeux de la CFTC La Poste"},"content":{"rendered":"<p>En ce d\u00e9but d\u2019ann\u00e9e 2022, il est temps pour la CFTC de faire un bilan sur les \u00e9v\u00e9nements qui ont marqu\u00e9 la vie professionnelle des posti\u00e8res et des postiers en 2021. \u00a0<br \/>\u00a0<\/p>\n<p>La COVID a malheureusement continu\u00e9 \u00e0 perturber notre vie sociale et notre travail au quotidien pour pr\u00e9server la sant\u00e9 de tous. \u00a0<\/p>\n<p>Le \u00ab Plan Strat\u00e9gique 2030 \u00bb pr\u00e9sent\u00e9 en f\u00e9vrier 2021, orient\u00e9 sur trois axes prioritaires \u00ab acc\u00e9l\u00e9rer le d\u00e9veloppement des moteurs de croissance, transformer les mod\u00e8les, adapter les missions de service public \u00bb, acc\u00e9l\u00e8re la mutation de l\u2019entreprise. Ce plan strat\u00e9gique va modifier consid\u00e9rablement les m\u00e9tiers ainsi que l\u2019environnement de travail des posti\u00e8res et des postiers. \u00a0<br \/>\u00a0 <\/p>\n<p>\u00a0La CFTC a sign\u00e9 l\u2019Accord Social \u00ab La Poste engag\u00e9e avec les postiers \u00bb pour que chacun d\u2019entre nous ait un meilleur accompagnement dans cette \u00e9volution. Il s\u00e9curise l\u2019emploi, la priorit\u00e9 \u00e0 la mobilit\u00e9 interne, la formation et la revalorisation des indemnit\u00e9s. \u00a0<br \/>\u00a0 \u00a0<\/p>\n<p>En revanche, la CFTC regrette de ne pas avoir \u00e9t\u00e9 suffisamment entendue dans la d\u00e9clinaison de cet accord dans la Branche Courrier au premier semestre et a pris ses responsabilit\u00e9s en ne signant pas le texte propos\u00e9 par la Direction. \u00a0<br \/>\u00a0<\/p>\n<p> La Poste, devant cet \u00e9chec, a propos\u00e9 la n\u00e9gociation d\u2019un nouvel accord permettant enfin d\u2019obtenir une prime pour les agents des PIC et ainsi de pr\u00e9server les acquis des facteurs et de leurs encadrants.\u00a0<br \/>\u00a0 \u00a0<\/p>\n<p> La CFTC a sign\u00e9 cet accord qui constitue une premi\u00e8re \u00e9tape dans la d\u00e9fense des m\u00e9tiers de la distribution.\u00a0<br \/>\u00a0<\/p>\n<p> L\u2019accord Branche Grand Public Num\u00e9rique qui concerne le R\u00e9seau, le num\u00e9rique, les business unit, les DAST, le 3631 ainsi que Philaposte a \u00e9t\u00e9 sign\u00e9 par notre organisation syndicale le 8 d\u00e9cembre 2021. \u00a0<br \/>\u00a0 \u00a0<\/p>\n<p>Pour cette ann\u00e9e 2022, o\u00f9 la CFTC sera \u00e0 vos c\u00f4t\u00e9s pour vous entendre et vous d\u00e9fendre dans votre vie de tous les jours, nous esp\u00e9rons la fin de la pand\u00e9mie et un retour \u00e0 une vie normale pour tous.\u00a0<\/p>\n<p>Je vous souhaite \u00e0 vous ainsi qu\u2019\u00e0 tous vos proches une bonne et heureuse ann\u00e9e 2022 ! \u00a0<\/p>\n<p>Christophe BARRAT,\u00a0<br \/>Pr\u00e9sident de La CFTC La Poste\u00a0<\/p>\n\n<p>L\u2019article <a href=\"https:\/\/www.cftcmediaplus.fr\/postes\/meilleurs-voeux-de-la-cftc-la-poste\/\">Meilleurs voeux de la CFTC La Poste<\/a> est apparu en premier sur <a href=\"https:\/\/www.cftcmediaplus.fr\/\">CFTC Media Plus<\/a>.<\/p>","protected":false},"excerpt":{"rendered":"<p>En ce d\u00e9but d\u2019ann\u00e9e 2022, il est temps pour la CFTC de faire un bilan sur les \u00e9v\u00e9nements qui ont marqu\u00e9 la vie professionnelle des posti\u00e8res et des postiers en 2021. \u00a0\u00a0 La COVID a malheureusement continu\u00e9 \u00e0 perturber notre vie sociale et notre travail au quotidien pour pr\u00e9server la sant\u00e9 de tous. \u00a0 Le [&hellip;]<\/p>\n","protected":false},"author":0,"featured_media":0,"comment_status":"open","ping_status":"open","sticky":false,"template":"","format":"standard","meta":[],"categories":[1],"tags":[],"_links":{"self":[{"href":"https:\/\/cftc-syntec.fr\/testimport\/wp-json\/wp\/v2\/posts\/3924"}],"collection":[{"href":"https:\/\/cftc-syntec.fr\/testimport\/wp-json\/wp\/v2\/posts"}],"about":[{"href":"https:\/\/cftc-syntec.fr\/testimport\/wp-json\/wp\/v2\/types\/post"}],"replies":[{"embeddable":true,"href":"https:\/\/cftc-syntec.fr\/testimport\/wp-json\/wp\/v2\/comments?post=3924"}],"version-history":[{"count":0,"href":"https:\/\/cftc-syntec.fr\/testimport\/wp-json\/wp\/v2\/posts\/3924\/revisions"}],"wp:attachment":[{"href":"https:\/\/cftc-syntec.fr\/testimport\/wp-json\/wp\/v2\/media?parent=3924"}],"wp:term":[{"taxonomy":"category","embeddable":true,"href":"https:\/\/cftc-syntec.fr\/testimport\/wp-json\/wp\/v2\/categories?post=3924"},{"taxonomy":"post_tag","embeddable":true,"href":"https:\/\/cftc-syntec.fr\/testimport\/wp-json\/wp\/v2\/tags?post=3924"}],"curies":[{"name":"wp","href":"https:\/\/api.w.org\/{rel}","templated":true}]}}