{"id":3931,"date":"2021-12-25T12:38:00","date_gmt":"2021-12-25T11:38:00","guid":{"rendered":"https:\/\/cftc-syntec.fr\/testimport\/un-idiot-dans-la-ville-un-livre-recommande\/"},"modified":"2021-12-25T12:38:00","modified_gmt":"2021-12-25T11:38:00","slug":"un-idiot-dans-la-ville-un-livre-recommande","status":"publish","type":"post","link":"https:\/\/cftc-syntec.fr\/testimport\/un-idiot-dans-la-ville-un-livre-recommande\/","title":{"rendered":"\u00ab\u00a0Un idiot dans la ville\u00a0\u00bb un livre recommand\u00e9"},"content":{"rendered":"<p>Reprendre sa vie apr\u00e8s et retravailler apr\u00e8s un AVC, le parcours exemplaire de Pierre de La Coste Que se passe t-il lorsqu\u2019un \u00e9crivain, un journaliste, une plume qui a conseill\u00e9 des ministres, et dont le dernier poste est \u201cexpert en formulation message R&amp;D chez Orange Lab\u201d subit un AVC en pleine r\u00e9union de travail ? [&#8230;]<\/p>\n<p>L\u2019article <a rel=\"nofollow\" href=\"https:\/\/www.cftcmediaplus.fr\/federation\/un-idiot-dans-la-ville\/\">\u00ab\u00a0Un idiot dans la ville\u00a0\u00bb un livre recommand\u00e9<\/a> est apparu en premier sur <a rel=\"nofollow\" href=\"https:\/\/www.cftcmediaplus.fr\">CFTC Media Plus<\/a>.<\/p>\n","protected":false},"excerpt":{"rendered":"<p>Reprendre sa vie apr\u00e8s et retravailler apr\u00e8s un AVC, le parcours exemplaire de Pierre de La Coste Que se passe t-il lorsqu\u2019un \u00e9crivain, un journaliste, une plume qui a conseill\u00e9 des ministres, et dont le dernier poste est \u201cexpert en formulation message R&amp;D chez Orange Lab\u201d subit un AVC en pleine r\u00e9union de travail ? [&hellip;]<\/p>\n","protected":false},"author":0,"featured_media":0,"comment_status":"open","ping_status":"open","sticky":false,"template":"","format":"standard","meta":[],"categories":[54,53],"tags":[],"_links":{"self":[{"href":"https:\/\/cftc-syntec.fr\/testimport\/wp-json\/wp\/v2\/posts\/3931"}],"collection":[{"href":"https:\/\/cftc-syntec.fr\/testimport\/wp-json\/wp\/v2\/posts"}],"about":[{"href":"https:\/\/cftc-syntec.fr\/testimport\/wp-json\/wp\/v2\/types\/post"}],"replies":[{"embeddable":true,"href":"https:\/\/cftc-syntec.fr\/testimport\/wp-json\/wp\/v2\/comments?post=3931"}],"version-history":[{"count":0,"href":"https:\/\/cftc-syntec.fr\/testimport\/wp-json\/wp\/v2\/posts\/3931\/revisions"}],"wp:attachment":[{"href":"https:\/\/cftc-syntec.fr\/testimport\/wp-json\/wp\/v2\/media?parent=3931"}],"wp:term":[{"taxonomy":"category","embeddable":true,"href":"https:\/\/cftc-syntec.fr\/testimport\/wp-json\/wp\/v2\/categories?post=3931"},{"taxonomy":"post_tag","embeddable":true,"href":"https:\/\/cftc-syntec.fr\/testimport\/wp-json\/wp\/v2\/tags?post=3931"}],"curies":[{"name":"wp","href":"https:\/\/api.w.org\/{rel}","templated":true}]}}