{"id":3938,"date":"2022-01-11T17:26:00","date_gmt":"2022-01-11T16:26:00","guid":{"rendered":"https:\/\/cftc-syntec.fr\/testimport\/le-rapport-2021-de-la-branche-telecom-de-lhumapp-est-paru\/"},"modified":"2022-01-11T17:26:00","modified_gmt":"2022-01-11T16:26:00","slug":"le-rapport-2021-de-la-branche-telecom-de-lhumapp-est-paru","status":"publish","type":"post","link":"https:\/\/cftc-syntec.fr\/testimport\/le-rapport-2021-de-la-branche-telecom-de-lhumapp-est-paru\/","title":{"rendered":"Le rapport 2021 de la branche T\u00e9l\u00e9com de l\u2019Humapp est paru"},"content":{"rendered":"<p><strong>Les points cl\u00e9s de ce rapport : <\/strong><\/p>\n<p>Les op\u00e9rateurs ont vu leur chiffre d\u2019affaires progresser de 2,1% en 2020, port\u00e9 en partie sans doute par les effets de la crise Covid (confinement, t\u00e9l\u00e9travail), du moins au niveau de la demande grand public.<\/p>\n<p>Les revenus des acc\u00e8s haut d\u00e9bit compensent les pertes de la t\u00e9l\u00e9phonie fixe : plus de 3 foyers fran\u00e7ais sur 4 connect\u00e9s au haut d\u00e9bit. <\/p>\n<p>Les investissements cumul\u00e9s des 4 principaux op\u00e9rateurs ont avoisin\u00e9, en 2020, les 9,6 milliards EUR (hors achat de fr\u00e9quences), soit 83% du total mesur\u00e9 par l\u2019ARCEP.<\/p>\n<p>Les ench\u00e8res sur les blocs de fr\u00e9quences 5G, (achet\u00e9es pour un total de 2,786 milliards EUR en octobre 2020), ont permis l\u2019attribution des fr\u00e9quences aux op\u00e9rateurs pour 15 ans, cette dur\u00e9e pouvant \u00eatre prolong\u00e9e de 5 ans en cas d\u2019accord du titulaire sur les conditions de cette prolongation.<\/p>\n<p>L\u2019emploi salari\u00e9 de droit priv\u00e9 dans la branche a progress\u00e9 de pr\u00e8s de 5% en 2020, notamment du fait des d\u00e9ploiement FTTH et \/ou du d\u00e9ploiement dans le mobile avec la 5G, atteignant 89 000 salari\u00e9s.<\/p>\n<p>64% des entreprises sont implant\u00e9es en \u00cele-de-France et l\u2019essentiel des salari\u00e9s rel\u00e8ve de grandes entreprises : 78 % des effectifs de la branche sont employ\u00e9s au sein des entreprises de plus de 500 salari\u00e9s.<\/p>\n<p><strong><a href=\"https:\/\/www.cftcmediaplus.fr\/wp-content\/uploads\/2022\/01\/Humapp-Rapport-2021.pdf\" target=\"_blank\" rel=\"noopener\">T\u00e9l\u00e9charger l\u2019\u00e9tude compl\u00e8te ici<\/a><\/strong><\/p>\n\n<p>L\u2019article <a href=\"https:\/\/www.cftcmediaplus.fr\/telecoms\/le-rapport-2021-de-la-branche-telecom-de-lhumapp-est-paru\/\">Le rapport 2021 de la branche T\u00e9l\u00e9com de l\u2019Humapp est paru<\/a> est apparu en premier sur <a href=\"https:\/\/www.cftcmediaplus.fr\/\">CFTC Media Plus<\/a>.<\/p>","protected":false},"excerpt":{"rendered":"<p>Les points cl\u00e9s de ce rapport : Les op\u00e9rateurs ont vu leur chiffre d\u2019affaires progresser de 2,1% en 2020, port\u00e9 en partie sans doute par les effets de la crise Covid (confinement, t\u00e9l\u00e9travail), du moins au niveau de la demande grand public. Les revenus des acc\u00e8s haut d\u00e9bit compensent les pertes de la t\u00e9l\u00e9phonie fixe [&hellip;]<\/p>\n","protected":false},"author":0,"featured_media":0,"comment_status":"open","ping_status":"open","sticky":false,"template":"","format":"standard","meta":[],"categories":[1],"tags":[],"_links":{"self":[{"href":"https:\/\/cftc-syntec.fr\/testimport\/wp-json\/wp\/v2\/posts\/3938"}],"collection":[{"href":"https:\/\/cftc-syntec.fr\/testimport\/wp-json\/wp\/v2\/posts"}],"about":[{"href":"https:\/\/cftc-syntec.fr\/testimport\/wp-json\/wp\/v2\/types\/post"}],"replies":[{"embeddable":true,"href":"https:\/\/cftc-syntec.fr\/testimport\/wp-json\/wp\/v2\/comments?post=3938"}],"version-history":[{"count":0,"href":"https:\/\/cftc-syntec.fr\/testimport\/wp-json\/wp\/v2\/posts\/3938\/revisions"}],"wp:attachment":[{"href":"https:\/\/cftc-syntec.fr\/testimport\/wp-json\/wp\/v2\/media?parent=3938"}],"wp:term":[{"taxonomy":"category","embeddable":true,"href":"https:\/\/cftc-syntec.fr\/testimport\/wp-json\/wp\/v2\/categories?post=3938"},{"taxonomy":"post_tag","embeddable":true,"href":"https:\/\/cftc-syntec.fr\/testimport\/wp-json\/wp\/v2\/tags?post=3938"}],"curies":[{"name":"wp","href":"https:\/\/api.w.org\/{rel}","templated":true}]}}