{"id":4275,"date":"2022-01-23T08:38:34","date_gmt":"2022-01-23T07:38:34","guid":{"rendered":"https:\/\/cftc-syntec.fr\/testimport\/tribune-sante-repondre-aux-defis-de-notre-systeme-de-protection-sociale\/"},"modified":"2022-01-23T08:38:34","modified_gmt":"2022-01-23T07:38:34","slug":"tribune-sante-repondre-aux-defis-de-notre-systeme-de-protection-sociale","status":"publish","type":"post","link":"https:\/\/cftc-syntec.fr\/testimport\/tribune-sante-repondre-aux-defis-de-notre-systeme-de-protection-sociale\/","title":{"rendered":"Tribune. Sant\u00e9 : r\u00e9pondre aux d\u00e9fis de notre syst\u00e8me de protection sociale"},"content":{"rendered":"<p>Cet article <a href=\"https:\/\/www.cftc.fr\/actualites\/tribune-sante-repondre-aux-defis-de-notre-systeme-de-protection-sociale\">Tribune. Sant\u00e9 : r\u00e9pondre aux d\u00e9fis de notre syst\u00e8me de protection sociale<\/a> est apparu en premier sur <a href=\"https:\/\/www.cftc.fr\/\">cftc<\/a>.<\/p>","protected":false},"excerpt":{"rendered":"<p>Cet article Tribune. Sant\u00e9 : r\u00e9pondre aux d\u00e9fis de notre syst\u00e8me de protection sociale est apparu en premier sur cftc.<\/p>\n","protected":false},"author":1,"featured_media":0,"comment_status":"open","ping_status":"open","sticky":false,"template":"","format":"standard","meta":[],"categories":[1],"tags":[],"_links":{"self":[{"href":"https:\/\/cftc-syntec.fr\/testimport\/wp-json\/wp\/v2\/posts\/4275"}],"collection":[{"href":"https:\/\/cftc-syntec.fr\/testimport\/wp-json\/wp\/v2\/posts"}],"about":[{"href":"https:\/\/cftc-syntec.fr\/testimport\/wp-json\/wp\/v2\/types\/post"}],"author":[{"embeddable":true,"href":"https:\/\/cftc-syntec.fr\/testimport\/wp-json\/wp\/v2\/users\/1"}],"replies":[{"embeddable":true,"href":"https:\/\/cftc-syntec.fr\/testimport\/wp-json\/wp\/v2\/comments?post=4275"}],"version-history":[{"count":0,"href":"https:\/\/cftc-syntec.fr\/testimport\/wp-json\/wp\/v2\/posts\/4275\/revisions"}],"wp:attachment":[{"href":"https:\/\/cftc-syntec.fr\/testimport\/wp-json\/wp\/v2\/media?parent=4275"}],"wp:term":[{"taxonomy":"category","embeddable":true,"href":"https:\/\/cftc-syntec.fr\/testimport\/wp-json\/wp\/v2\/categories?post=4275"},{"taxonomy":"post_tag","embeddable":true,"href":"https:\/\/cftc-syntec.fr\/testimport\/wp-json\/wp\/v2\/tags?post=4275"}],"curies":[{"name":"wp","href":"https:\/\/api.w.org\/{rel}","templated":true}]}}