{"id":4285,"date":"2022-02-01T17:49:58","date_gmt":"2022-02-01T16:49:58","guid":{"rendered":"https:\/\/cftc-syntec.fr\/testimport\/avis-de-notre-cse-sur-le-bilan-social\/"},"modified":"2022-02-01T17:49:58","modified_gmt":"2022-02-01T16:49:58","slug":"avis-de-notre-cse-sur-le-bilan-social","status":"publish","type":"post","link":"https:\/\/cftc-syntec.fr\/testimport\/avis-de-notre-cse-sur-le-bilan-social\/","title":{"rendered":"Avis de notre CSE sur le bilan social"},"content":{"rendered":"<p>D\u00e9but 2022, les \u00e9lus du CSEE Appli ont demand\u00e9, en substance, \u00e0 la Direction :<\/p>\n<ul>\n<li>d\u2019aligner la politique salariale de Sogeti sur Apps et FS<\/li>\n<li>de mettre en place des mesures adapt\u00e9es pour pr\u00e9venir les risques de d\u00e9phasage entre le grade et les coefficients de la convention collective :<\/li>\n<li>de r\u00e9viser sa politique d\u2019analyse des performances en supprimant la note de potentiel pour les salari\u00e9s int\u00e9gr\u00e9s \u00e0 Perform<\/li>\n<li>de faire des pr\u00e9conisations d\u2019accompagnement des salari\u00e9s issus d\u2019un recrutement POEI<\/li>\n<li>de construire paritairement le sondage pr\u00e9conis\u00e9 par la commission formation sur ce sujet<\/li>\n<\/ul>\n","protected":false},"excerpt":{"rendered":"<p>D\u00e9but 2022, les \u00e9lus du CSEE Appli ont demand\u00e9, en substance, \u00e0 la Direction : d\u2019aligner la politique salariale de Sogeti sur Apps et FS de mettre en place des mesures adapt\u00e9es pour pr\u00e9venir les risques de d\u00e9phasage entre le grade et les coefficients de la convention collective : de r\u00e9viser sa politique d\u2019analyse des [&hellip;]<\/p>\n","protected":false},"author":1,"featured_media":0,"comment_status":"open","ping_status":"open","sticky":false,"template":"","format":"standard","meta":[],"categories":[1],"tags":[],"_links":{"self":[{"href":"https:\/\/cftc-syntec.fr\/testimport\/wp-json\/wp\/v2\/posts\/4285"}],"collection":[{"href":"https:\/\/cftc-syntec.fr\/testimport\/wp-json\/wp\/v2\/posts"}],"about":[{"href":"https:\/\/cftc-syntec.fr\/testimport\/wp-json\/wp\/v2\/types\/post"}],"author":[{"embeddable":true,"href":"https:\/\/cftc-syntec.fr\/testimport\/wp-json\/wp\/v2\/users\/1"}],"replies":[{"embeddable":true,"href":"https:\/\/cftc-syntec.fr\/testimport\/wp-json\/wp\/v2\/comments?post=4285"}],"version-history":[{"count":0,"href":"https:\/\/cftc-syntec.fr\/testimport\/wp-json\/wp\/v2\/posts\/4285\/revisions"}],"wp:attachment":[{"href":"https:\/\/cftc-syntec.fr\/testimport\/wp-json\/wp\/v2\/media?parent=4285"}],"wp:term":[{"taxonomy":"category","embeddable":true,"href":"https:\/\/cftc-syntec.fr\/testimport\/wp-json\/wp\/v2\/categories?post=4285"},{"taxonomy":"post_tag","embeddable":true,"href":"https:\/\/cftc-syntec.fr\/testimport\/wp-json\/wp\/v2\/tags?post=4285"}],"curies":[{"name":"wp","href":"https:\/\/api.w.org\/{rel}","templated":true}]}}