{"id":4288,"date":"2022-02-05T14:55:45","date_gmt":"2022-02-05T13:55:45","guid":{"rendered":"https:\/\/cftc-syntec.fr\/testimport\/ag-cftc-sfr\/"},"modified":"2022-02-05T14:55:45","modified_gmt":"2022-02-05T13:55:45","slug":"ag-cftc-sfr","status":"publish","type":"post","link":"https:\/\/cftc-syntec.fr\/testimport\/ag-cftc-sfr\/","title":{"rendered":"AG CFTC SFR"},"content":{"rendered":"<p>Le 2 f\u00e9vrier 2022, \u00e0 Villejuif, s\u2019est tenue l\u2019Assembl\u00e9e G\u00e9n\u00e9rale du syndicat CFTC SFR. <\/p>\n\n<p>Ont \u00e9t\u00e9 \u00e9lu : <\/p>\n<p>Pr\u00e9sidente, C\u00e9cilia PEREIRA<\/p>\n<p>Vice-pr\u00e9sidente, Elodie PETON<\/p>\n<p>Secr\u00e9taire, Fabrice BRUNET<\/p>\n<p>Secr\u00e9taire adjoint, Xavier FAURE<\/p>\n\n<p>F\u00e9licitations \u00e0 la nouvelle \u00e9quipe ! <\/p>\n<p>L\u2019article <a href=\"https:\/\/www.cftcmediaplus.fr\/syndicats\/ag-cftc-sfr\/\">AG CFTC SFR<\/a> est apparu en premier sur <a href=\"https:\/\/www.cftcmediaplus.fr\/\">CFTC Media Plus<\/a>.<\/p>","protected":false},"excerpt":{"rendered":"<p>Le 2 f\u00e9vrier 2022, \u00e0 Villejuif, s\u2019est tenue l\u2019Assembl\u00e9e G\u00e9n\u00e9rale du syndicat CFTC SFR. Ont \u00e9t\u00e9 \u00e9lu : Pr\u00e9sidente, C\u00e9cilia PEREIRA Vice-pr\u00e9sidente, Elodie PETON Secr\u00e9taire, Fabrice BRUNET Secr\u00e9taire adjoint, Xavier FAURE F\u00e9licitations \u00e0 la nouvelle \u00e9quipe ! L\u2019article AG CFTC SFR est apparu en premier sur CFTC Media Plus.<\/p>\n","protected":false},"author":0,"featured_media":0,"comment_status":"open","ping_status":"open","sticky":false,"template":"","format":"standard","meta":[],"categories":[1],"tags":[],"_links":{"self":[{"href":"https:\/\/cftc-syntec.fr\/testimport\/wp-json\/wp\/v2\/posts\/4288"}],"collection":[{"href":"https:\/\/cftc-syntec.fr\/testimport\/wp-json\/wp\/v2\/posts"}],"about":[{"href":"https:\/\/cftc-syntec.fr\/testimport\/wp-json\/wp\/v2\/types\/post"}],"replies":[{"embeddable":true,"href":"https:\/\/cftc-syntec.fr\/testimport\/wp-json\/wp\/v2\/comments?post=4288"}],"version-history":[{"count":0,"href":"https:\/\/cftc-syntec.fr\/testimport\/wp-json\/wp\/v2\/posts\/4288\/revisions"}],"wp:attachment":[{"href":"https:\/\/cftc-syntec.fr\/testimport\/wp-json\/wp\/v2\/media?parent=4288"}],"wp:term":[{"taxonomy":"category","embeddable":true,"href":"https:\/\/cftc-syntec.fr\/testimport\/wp-json\/wp\/v2\/categories?post=4288"},{"taxonomy":"post_tag","embeddable":true,"href":"https:\/\/cftc-syntec.fr\/testimport\/wp-json\/wp\/v2\/tags?post=4288"}],"curies":[{"name":"wp","href":"https:\/\/api.w.org\/{rel}","templated":true}]}}