{"id":4301,"date":"2022-03-03T10:07:34","date_gmt":"2022-03-03T09:07:34","guid":{"rendered":"https:\/\/cftc-syntec.fr\/testimport\/la-reglementation-en-matiere-de-tract\/"},"modified":"2022-03-03T10:07:34","modified_gmt":"2022-03-03T09:07:34","slug":"la-reglementation-en-matiere-de-tract","status":"publish","type":"post","link":"https:\/\/cftc-syntec.fr\/testimport\/la-reglementation-en-matiere-de-tract\/","title":{"rendered":"La r\u00e9gl\u00e9mentation en mati\u00e8re de tract"},"content":{"rendered":"<p><strong>A quel moment ai-je le droit de distribuer des tracts dans l\u2019entreprise\u00a0?<\/strong><\/p>\n<p>L\u2019article L 2142-4 du code du travail dispose que la distribution de tracts se fait aux heures d\u2019entr\u00e9e et de sortie du travail. A cet \u00e9gard, la diffusion de tracts dans l\u2019entreprise pendant une plage d\u2019horaires d\u2019arriv\u00e9e et de d\u00e9part variables est autoris\u00e9e (Cour de cassation, chambre sociale, 5 janvier 2022 n\u00b0 20-15.005)<\/p>\n<p>A noter que la diffusion de tracts n\u2019est pas autoris\u00e9e pendant le temps de pause (Cours de cassation, chambre sociale, 8\u00a0juillet\u00a01982, n\u00b0\u00a081-14.176) ou lors du temps de repas (Cour de cassation, chambre sociale, 20 octobre 1988, n\u00b085-46.046<\/p>\n<p><strong>Est-ce que j\u2019ai le droit de distribuer des tracts sur les bureaux des salari\u00e9s\u00a0?<\/strong><\/p>\n<p>Non, les tracts ne peuvent pas \u00eatre simplement d\u00e9pos\u00e9s sur les bureaux en dehors des heures de travail et en l\u2019absence de personnel (Cour de cassation, chambre sociale, 27\u00a0mai 1997, n\u00b095-14.850).<\/p>\n<p><strong>Dans tous les cas, un accord d\u2019entreprise (accord de droit syndical) peut \u00e9largir ou assouplir les r\u00e8gles en mati\u00e8re de diffusion de tracts au sein de l\u2019entreprise.<\/strong><\/p>\n<p><strong>Ai-je le droit de distribuer des tracts hors de l\u2019entreprise\u00a0?<\/strong><\/p>\n<p>Oui, la distribution en dehors de l\u2019entreprise est libre.<\/p>\n<p>L\u2019article L.\u00a02142-4 du code du travail \u00e9nonc\u00e9 pr\u00e9c\u00e9demment ne limite la distribution de tracts qu\u2019au sein de l\u2019entreprise (Cour de cassation, chambre sociale, 28\u00a0f\u00e9vrier 2007, n\u00b005-15.228).<\/p>\n<p>Les tracts peuvent donc librement \u00eatre distribu\u00e9s sur la voie publique, dans l\u2019\u00e9tablissement d\u2019un client au sein duquel des salari\u00e9s de l\u2019entreprise effectuent des missions, ou dans les parties communes de l\u2019immeuble o\u00f9 l\u2019entreprise occupe des locaux (Cour de cassation, chambre sociale, 18\u00a0janvier 2011, n\u00b0\u00a009-12.240).<\/p>\n<p>Attention\u00a0: La distribution de tracts sur la voie publique peut \u00eatre soumise \u00e0 des arr\u00eat\u00e9s pr\u00e9fectoraux et municipaux.<\/p>\n<p>A noter que la personne qui a organis\u00e9 la distribution est responsable en cas de contrevenance \u00e0 la salubrit\u00e9 publique et peut, \u00e0 ce titre, \u00eatre sanctionn\u00e9e.<\/p>\n<p>Veuillez bien \u00e0 ce que les tracts ne soient pas jet\u00e9s au sol dans l\u2019espace public\u00a0!<\/p>\n<p>L\u2019article <a href=\"https:\/\/www.cftcmediaplus.fr\/juridique\/la-reglementation-en-matiere-de-tract\/\">La r\u00e9gl\u00e9mentation en mati\u00e8re de tract<\/a> est apparu en premier sur <a href=\"https:\/\/www.cftcmediaplus.fr\/\">CFTC Media Plus<\/a>.<\/p>","protected":false},"excerpt":{"rendered":"<p>A quel moment ai-je le droit de distribuer des tracts dans l\u2019entreprise\u00a0? L\u2019article L 2142-4 du code du travail dispose que la distribution de tracts se fait aux heures d\u2019entr\u00e9e et de sortie du travail. A cet \u00e9gard, la diffusion de tracts dans l\u2019entreprise pendant une plage d\u2019horaires d\u2019arriv\u00e9e et de d\u00e9part variables est autoris\u00e9e [&hellip;]<\/p>\n","protected":false},"author":0,"featured_media":0,"comment_status":"open","ping_status":"open","sticky":false,"template":"","format":"standard","meta":[],"categories":[1],"tags":[],"_links":{"self":[{"href":"https:\/\/cftc-syntec.fr\/testimport\/wp-json\/wp\/v2\/posts\/4301"}],"collection":[{"href":"https:\/\/cftc-syntec.fr\/testimport\/wp-json\/wp\/v2\/posts"}],"about":[{"href":"https:\/\/cftc-syntec.fr\/testimport\/wp-json\/wp\/v2\/types\/post"}],"replies":[{"embeddable":true,"href":"https:\/\/cftc-syntec.fr\/testimport\/wp-json\/wp\/v2\/comments?post=4301"}],"version-history":[{"count":0,"href":"https:\/\/cftc-syntec.fr\/testimport\/wp-json\/wp\/v2\/posts\/4301\/revisions"}],"wp:attachment":[{"href":"https:\/\/cftc-syntec.fr\/testimport\/wp-json\/wp\/v2\/media?parent=4301"}],"wp:term":[{"taxonomy":"category","embeddable":true,"href":"https:\/\/cftc-syntec.fr\/testimport\/wp-json\/wp\/v2\/categories?post=4301"},{"taxonomy":"post_tag","embeddable":true,"href":"https:\/\/cftc-syntec.fr\/testimport\/wp-json\/wp\/v2\/tags?post=4301"}],"curies":[{"name":"wp","href":"https:\/\/api.w.org\/{rel}","templated":true}]}}