{"id":4302,"date":"2022-03-03T10:07:34","date_gmt":"2022-03-03T09:07:34","guid":{"rendered":"https:\/\/cftc-syntec.fr\/testimport\/la-carte-de-presse\/"},"modified":"2022-03-03T10:07:34","modified_gmt":"2022-03-03T09:07:34","slug":"la-carte-de-presse","status":"publish","type":"post","link":"https:\/\/cftc-syntec.fr\/testimport\/la-carte-de-presse\/","title":{"rendered":"La carte de presse"},"content":{"rendered":"<p>34 476 cartes de presse ont \u00e9t\u00e9 attribu\u00e9es en 2021 par la Commission de la carte d\u2019identit\u00e9 des journalistes professionnels (CCIJP).<\/p>\n<p><strong>Le nombre de cartes de journalistes professionnels<\/strong>\u00a0attribu\u00e9es en France passe pour la deuxi\u00e8me ann\u00e9e cons\u00e9cutive\u00a0<strong>sous la barre des 35 000<\/strong>. <\/p>\n\n<p>Depuis 10 ans, la baisse est continue (-91% en 10 ans). <\/p>\n<p> 2021 est l\u2019ann\u00e9e de la baisse  la plus faible (-0,3% entre 2020 et 2021).<\/p>\n<p>Apr\u00e8s un important repli en 2020 (-23%), les premi\u00e8res demandes repartent \u00e0 la hausse en 2021 (+38%, \u00e0 1 862).   Les nouveaux journalistes sont m\u00eame plus nombreux qu\u2019avant la crise sanitaire <strong>(1 862)<\/strong>.<\/p>\n\n<p><a href=\"http:\/\/www.ccijp.net\/article-192-statistiques.html\" target=\"_blank\" rel=\"noopener\">http:\/\/www.ccijp.net\/article-192-statistiques.html<\/a><\/p>\n<p>L\u2019article <a href=\"https:\/\/www.cftcmediaplus.fr\/audiovisuel\/la-carte-de-presse\/\">La carte de presse<\/a> est apparu en premier sur <a href=\"https:\/\/www.cftcmediaplus.fr\/\">CFTC Media Plus<\/a>.<\/p>","protected":false},"excerpt":{"rendered":"<p>34 476 cartes de presse ont \u00e9t\u00e9 attribu\u00e9es en 2021 par la Commission de la carte d\u2019identit\u00e9 des journalistes professionnels (CCIJP). Le nombre de cartes de journalistes professionnels\u00a0attribu\u00e9es en France passe pour la deuxi\u00e8me ann\u00e9e cons\u00e9cutive\u00a0sous la barre des 35 000. Depuis 10 ans, la baisse est continue (-91% en 10 ans). 2021 est l\u2019ann\u00e9e [&hellip;]<\/p>\n","protected":false},"author":0,"featured_media":0,"comment_status":"open","ping_status":"open","sticky":false,"template":"","format":"standard","meta":[],"categories":[1],"tags":[],"_links":{"self":[{"href":"https:\/\/cftc-syntec.fr\/testimport\/wp-json\/wp\/v2\/posts\/4302"}],"collection":[{"href":"https:\/\/cftc-syntec.fr\/testimport\/wp-json\/wp\/v2\/posts"}],"about":[{"href":"https:\/\/cftc-syntec.fr\/testimport\/wp-json\/wp\/v2\/types\/post"}],"replies":[{"embeddable":true,"href":"https:\/\/cftc-syntec.fr\/testimport\/wp-json\/wp\/v2\/comments?post=4302"}],"version-history":[{"count":0,"href":"https:\/\/cftc-syntec.fr\/testimport\/wp-json\/wp\/v2\/posts\/4302\/revisions"}],"wp:attachment":[{"href":"https:\/\/cftc-syntec.fr\/testimport\/wp-json\/wp\/v2\/media?parent=4302"}],"wp:term":[{"taxonomy":"category","embeddable":true,"href":"https:\/\/cftc-syntec.fr\/testimport\/wp-json\/wp\/v2\/categories?post=4302"},{"taxonomy":"post_tag","embeddable":true,"href":"https:\/\/cftc-syntec.fr\/testimport\/wp-json\/wp\/v2\/tags?post=4302"}],"curies":[{"name":"wp","href":"https:\/\/api.w.org\/{rel}","templated":true}]}}