{"id":4303,"date":"2022-03-03T10:07:34","date_gmt":"2022-03-03T09:07:34","guid":{"rendered":"https:\/\/cftc-syntec.fr\/testimport\/apc-et-rcc-utilises-durant-la-crise\/"},"modified":"2022-03-03T10:07:34","modified_gmt":"2022-03-03T09:07:34","slug":"apc-et-rcc-utilises-durant-la-crise","status":"publish","type":"post","link":"https:\/\/cftc-syntec.fr\/testimport\/apc-et-rcc-utilises-durant-la-crise\/","title":{"rendered":"APC et RCC utilis\u00e9s durant la crise"},"content":{"rendered":"<p>Le comit\u00e9 charg\u00e9 d\u2019\u00e9valuer les ordonnances \u00ab\u00a0Macron\u00a0\u00bb de 2017  a publi\u00e9 son rapport en d\u00e9cembre 2021.   <\/p>\n<p>Nous faisons le point sur les APC  (Accords de performance collective) et RCC (rupture conventionnelle collective). <\/p>\n<p>880 accords de performance collective ont \u00e9t\u00e9 recens\u00e9s (tr\u00e8s majoritairement dans les entreprises de moins de 250 salari\u00e9s), utilis\u00e9s comme un outil de \u00ab\u00a0gestion de la crise\u00a0ou de sortie de crise qui venait utilement compl\u00e9ter d\u2019autres dispositifs existants \u00bb d\u2019apr\u00e8s ce rapport. <\/p>\n\n<p>La crise a eu aussi un effet sur les ruptures conventionnelles collectives (RCC, 361 au 30 juin 2021) qui visaient \u00e0\u00a0\u00ab encourager la n\u00e9gociation d\u2019accords de d\u00e9parts volontaires dans un cadre s\u00e9curis\u00e9 juridiquement \u00bb.<\/p>\n<p>L\u2019article <a href=\"https:\/\/www.cftcmediaplus.fr\/federation\/apc-et-rcc-utilises-durant-la-crise\/\">APC et RCC utilis\u00e9s durant la crise<\/a> est apparu en premier sur <a href=\"https:\/\/www.cftcmediaplus.fr\/\">CFTC Media Plus<\/a>.<\/p>","protected":false},"excerpt":{"rendered":"<p>Le comit\u00e9 charg\u00e9 d\u2019\u00e9valuer les ordonnances \u00ab\u00a0Macron\u00a0\u00bb de 2017 a publi\u00e9 son rapport en d\u00e9cembre 2021. Nous faisons le point sur les APC (Accords de performance collective) et RCC (rupture conventionnelle collective). 880 accords de performance collective ont \u00e9t\u00e9 recens\u00e9s (tr\u00e8s majoritairement dans les entreprises de moins de 250 salari\u00e9s), utilis\u00e9s comme un outil de [&hellip;]<\/p>\n","protected":false},"author":0,"featured_media":0,"comment_status":"open","ping_status":"open","sticky":false,"template":"","format":"standard","meta":[],"categories":[1],"tags":[],"_links":{"self":[{"href":"https:\/\/cftc-syntec.fr\/testimport\/wp-json\/wp\/v2\/posts\/4303"}],"collection":[{"href":"https:\/\/cftc-syntec.fr\/testimport\/wp-json\/wp\/v2\/posts"}],"about":[{"href":"https:\/\/cftc-syntec.fr\/testimport\/wp-json\/wp\/v2\/types\/post"}],"replies":[{"embeddable":true,"href":"https:\/\/cftc-syntec.fr\/testimport\/wp-json\/wp\/v2\/comments?post=4303"}],"version-history":[{"count":0,"href":"https:\/\/cftc-syntec.fr\/testimport\/wp-json\/wp\/v2\/posts\/4303\/revisions"}],"wp:attachment":[{"href":"https:\/\/cftc-syntec.fr\/testimport\/wp-json\/wp\/v2\/media?parent=4303"}],"wp:term":[{"taxonomy":"category","embeddable":true,"href":"https:\/\/cftc-syntec.fr\/testimport\/wp-json\/wp\/v2\/categories?post=4303"},{"taxonomy":"post_tag","embeddable":true,"href":"https:\/\/cftc-syntec.fr\/testimport\/wp-json\/wp\/v2\/tags?post=4303"}],"curies":[{"name":"wp","href":"https:\/\/api.w.org\/{rel}","templated":true}]}}