{"id":4305,"date":"2022-03-03T10:07:35","date_gmt":"2022-03-03T09:07:35","guid":{"rendered":"https:\/\/cftc-syntec.fr\/testimport\/la-poste-interessement-2021-enfin-a-la-hauteur\/"},"modified":"2022-03-03T10:07:35","modified_gmt":"2022-03-03T09:07:35","slug":"la-poste-interessement-2021-enfin-a-la-hauteur","status":"publish","type":"post","link":"https:\/\/cftc-syntec.fr\/testimport\/la-poste-interessement-2021-enfin-a-la-hauteur\/","title":{"rendered":"La Poste : Int\u00e9ressement 2021, enfin \u00e0 la hauteur"},"content":{"rendered":"<p><strong>UNE PREMI\u00c8RE POUR UNE PRIME D\u2019INT\u00c9RESSEMENT !<\/strong><\/p>\n<p>591,60 \u20ac brut soit 534,21 \u20ac en net pour un agent \u00e0 temps complet690,93 \u20ac avec abondement maximum sur le PEG693,41 \u20ac avec abondement maximum sur le PERCOL<br \/>Pour rappel, sans accord d\u2019int\u00e9ressement conclu entre les organisations syndicales et l\u2019entreprise, aucune prime ne peut \u00eatre vers\u00e9e au personnel.<br \/>Dans cet objectif la CFTC a sign\u00e9 en juin 2021 un accord qui s\u00e9curise le versement d\u2019une prime d\u2019int\u00e9ressement \u00e0 la hauteur de l\u2019investissement des posti\u00e8res et des postiers.<\/p>\n<p>S<strong>ans la signature de la CFTC, rien n\u2019aurait \u00e9t\u00e9 vers\u00e9 !<\/strong><\/p>\n<p><strong>BON A SAVOIR<\/strong><br \/>L<strong>es b\u00e9n\u00e9ficiaires : <\/strong>Sont \u00e9ligibles \u00e0 la prime d\u2019int\u00e9ressement les personnels salari\u00e9s de droit priv\u00e9, les fonctionnaires et contractuels de droit public de La Poste SA ayant au moins trois mois d\u2019anciennet\u00e9<br \/>dans l\u2019entreprise \u00e0 la fin de l\u2019exercice de r\u00e9f\u00e9rence.<\/p>\n<p><strong>Le calcul de la prime : <\/strong>Elle est calcul\u00e9e en fonction de deux crit\u00e8res<\/p>\n<p>Les r\u00e9sultats \u00e9conomiques.Des indicateurs de qualit\u00e9 et de performances.<\/p>\n<p><strong>Les modalit\u00e9s de versement :<\/strong><br \/>Le postier re\u00e7oit un courrier indiquant le montant de sa prime. Les sommes sont affect\u00e9es par d\u00e9faut au PEG (Plan Epargne Groupe).<br \/>Il est possible d\u2019abonder cette prime jusqu\u2019\u00e0 35% en cas de versement sur le PEG ou le PERCOL (Plan d\u2019Epargne Retraite Collectif). Les sommes vers\u00e9es sont exon\u00e9r\u00e9es de l\u2019imp\u00f4t sur le revenu.<br \/>S\u2019il souhaite la percevoir sur son compte bancaire, il doit suivre les modalit\u00e9s indiqu\u00e9es sur le courrier. Dans ce cas, les sommes sont soumises \u00e0 l\u2019imp\u00f4t sur le revenu.<\/p>\n<p>L\u2019article <a href=\"https:\/\/www.cftcmediaplus.fr\/postes\/la-poste-interessement-2021-enfin-a-la-hauteur\/\">La Poste : Int\u00e9ressement 2021, enfin \u00e0 la hauteur<\/a> est apparu en premier sur <a href=\"https:\/\/www.cftcmediaplus.fr\/\">CFTC Media Plus<\/a>.<\/p>","protected":false},"excerpt":{"rendered":"<p>UNE PREMI\u00c8RE POUR UNE PRIME D\u2019INT\u00c9RESSEMENT ! 591,60 \u20ac brut soit 534,21 \u20ac en net pour un agent \u00e0 temps complet690,93 \u20ac avec abondement maximum sur le PEG693,41 \u20ac avec abondement maximum sur le PERCOLPour rappel, sans accord d\u2019int\u00e9ressement conclu entre les organisations syndicales et l\u2019entreprise, aucune prime ne peut \u00eatre vers\u00e9e au personnel.Dans cet [&hellip;]<\/p>\n","protected":false},"author":0,"featured_media":0,"comment_status":"open","ping_status":"open","sticky":false,"template":"","format":"standard","meta":[],"categories":[1],"tags":[],"_links":{"self":[{"href":"https:\/\/cftc-syntec.fr\/testimport\/wp-json\/wp\/v2\/posts\/4305"}],"collection":[{"href":"https:\/\/cftc-syntec.fr\/testimport\/wp-json\/wp\/v2\/posts"}],"about":[{"href":"https:\/\/cftc-syntec.fr\/testimport\/wp-json\/wp\/v2\/types\/post"}],"replies":[{"embeddable":true,"href":"https:\/\/cftc-syntec.fr\/testimport\/wp-json\/wp\/v2\/comments?post=4305"}],"version-history":[{"count":0,"href":"https:\/\/cftc-syntec.fr\/testimport\/wp-json\/wp\/v2\/posts\/4305\/revisions"}],"wp:attachment":[{"href":"https:\/\/cftc-syntec.fr\/testimport\/wp-json\/wp\/v2\/media?parent=4305"}],"wp:term":[{"taxonomy":"category","embeddable":true,"href":"https:\/\/cftc-syntec.fr\/testimport\/wp-json\/wp\/v2\/categories?post=4305"},{"taxonomy":"post_tag","embeddable":true,"href":"https:\/\/cftc-syntec.fr\/testimport\/wp-json\/wp\/v2\/tags?post=4305"}],"curies":[{"name":"wp","href":"https:\/\/api.w.org\/{rel}","templated":true}]}}