{"id":4317,"date":"2022-03-03T15:08:42","date_gmt":"2022-03-03T14:08:42","guid":{"rendered":"https:\/\/cftc-syntec.fr\/testimport\/jean-pierre-pernaud-au-revoir-lami\/"},"modified":"2022-03-03T15:08:42","modified_gmt":"2022-03-03T14:08:42","slug":"jean-pierre-pernaud-au-revoir-lami","status":"publish","type":"post","link":"https:\/\/cftc-syntec.fr\/testimport\/jean-pierre-pernaud-au-revoir-lami\/","title":{"rendered":"Jean-Pierre Pernaud : \u00ab Au revoir l\u2019ami \u00bb"},"content":{"rendered":"<p>Nous sommes tristes d\u2019apprendre le d\u00e9c\u00e8s de Jean-Pierre Pernaut, figure du 13h de TF1 depuis plus de 30 ans. <\/p>\n\n<p>Jean-Pierre \u00e9tait un homme brillant, remarquable, un humaniste dans l\u2019\u00e2me. Il a eu \u00e0 c\u0153ur, tout au long de sa carri\u00e8re, de mettre en valeur, en lumi\u00e8re, la parole des femmes et des hommes de toutes les r\u00e9gions de France.<\/p>\n\n<p>Au-del\u00e0 du JT13H, il a incarn\u00e9 la CFTC pendant plus de 20 ans au Conseil d\u2019Administration. Au nom de la F\u00e9d\u00e9ration, associ\u00e9e \u00e0 tous les \u00e9lus CFTC du Groupe TF1, nous exprimons nos plus sinc\u00e8res condol\u00e9ances \u00e0 sa femme et ses enfants. <\/p>\n\n<p>Toutes nos pens\u00e9es accompagnent sa famille, ses proches et nos coll\u00e8gues de TF1.<\/p>\n<p>L\u2019article <a href=\"https:\/\/www.cftcmediaplus.fr\/federation\/jean-pierre-pernaud-au-revoir-lami\/\">Jean-Pierre Pernaud : \u00ab Au revoir l\u2019ami \u00bb<\/a> est apparu en premier sur <a href=\"https:\/\/www.cftcmediaplus.fr\/\">CFTC Media Plus<\/a>.<\/p>","protected":false},"excerpt":{"rendered":"<p>Nous sommes tristes d\u2019apprendre le d\u00e9c\u00e8s de Jean-Pierre Pernaut, figure du 13h de TF1 depuis plus de 30 ans. Jean-Pierre \u00e9tait un homme brillant, remarquable, un humaniste dans l\u2019\u00e2me. Il a eu \u00e0 c\u0153ur, tout au long de sa carri\u00e8re, de mettre en valeur, en lumi\u00e8re, la parole des femmes et des hommes de toutes [&hellip;]<\/p>\n","protected":false},"author":0,"featured_media":0,"comment_status":"open","ping_status":"open","sticky":false,"template":"","format":"standard","meta":[],"categories":[1],"tags":[],"_links":{"self":[{"href":"https:\/\/cftc-syntec.fr\/testimport\/wp-json\/wp\/v2\/posts\/4317"}],"collection":[{"href":"https:\/\/cftc-syntec.fr\/testimport\/wp-json\/wp\/v2\/posts"}],"about":[{"href":"https:\/\/cftc-syntec.fr\/testimport\/wp-json\/wp\/v2\/types\/post"}],"replies":[{"embeddable":true,"href":"https:\/\/cftc-syntec.fr\/testimport\/wp-json\/wp\/v2\/comments?post=4317"}],"version-history":[{"count":0,"href":"https:\/\/cftc-syntec.fr\/testimport\/wp-json\/wp\/v2\/posts\/4317\/revisions"}],"wp:attachment":[{"href":"https:\/\/cftc-syntec.fr\/testimport\/wp-json\/wp\/v2\/media?parent=4317"}],"wp:term":[{"taxonomy":"category","embeddable":true,"href":"https:\/\/cftc-syntec.fr\/testimport\/wp-json\/wp\/v2\/categories?post=4317"},{"taxonomy":"post_tag","embeddable":true,"href":"https:\/\/cftc-syntec.fr\/testimport\/wp-json\/wp\/v2\/tags?post=4317"}],"curies":[{"name":"wp","href":"https:\/\/api.w.org\/{rel}","templated":true}]}}