{"id":4318,"date":"2022-03-04T15:29:34","date_gmt":"2022-03-04T14:29:34","guid":{"rendered":"https:\/\/cftc-syntec.fr\/testimport\/mediapost-experimentation-du-oui-pub-de-nombreux-emplois-sont-menaces\/"},"modified":"2022-03-04T15:29:34","modified_gmt":"2022-03-04T14:29:34","slug":"mediapost-experimentation-du-oui-pub-de-nombreux-emplois-sont-menaces","status":"publish","type":"post","link":"https:\/\/cftc-syntec.fr\/testimport\/mediapost-experimentation-du-oui-pub-de-nombreux-emplois-sont-menaces\/","title":{"rendered":"Mediapost : Exp\u00e9rimentation du \u00ab Oui Pub \u00bb, de nombreux emplois sont menac\u00e9s"},"content":{"rendered":"<p>La loi climat pr\u00e9voit l\u2019exp\u00e9rimentation d\u2019un dispositif \u00ab Oui pub \u00bb visant \u00e0 r\u00e9guler la Publicit\u00e9\u0301. <\/p>\n<p>Dans la droite ligne de \u00ab Stop pub \u00bb Le projet de loi Climat et R\u00e9silience, en 2020, a r\u00e9uni 150 personnes, toutes tir\u00e9es au sort, pour d\u00e9finir une s\u00e9rie de mesures permettant d\u2019atteindre une baisse d\u2019au moins 40% des \u00e9missions de gaz \u00e0 effet de serre d\u2019ici 2030\u2026<br \/>Apr\u00e8s plus de 8 mois de travail, d\u2019auditions et de d\u00e9bats, ils ont rendu leurs 150 propositions au Gouvernement, dont une proposition demandait l\u2019interdiction stricte de distribuer des imprim\u00e9s Publicitaires non adress\u00e9s, Prospectus, tract, flyer en bo\u00eetes aux lettres\u2026<\/p>\n\n<p>Quelle que soit sa d\u00e9nomination, l\u2019imprim\u00e9 Publicitaire continue de prouver sa puissance et son efficacit\u00e9, notamment gr\u00e2ce aux possibilit\u00e9s cr\u00e9atives et de ciblage, pour informer et cr\u00e9er du trafic.<br \/>Pour la consommation de nos concitoyens qui sont les plus expos\u00e9s \u00e0 la Publicit\u00e9, il faut regarder la situation avec lucidit\u00e9 : certains de ces m\u00e9nages font leurs courses \u00e0 l\u2019euro pr\u00e8s.<\/p>\n<p>Si demain la Publicit\u00e9 devient exclusivement num\u00e9rique, cela constituera un facteur d\u2019exclusion suppl\u00e9mentaire pour ces couches de la population\u2026<\/p>\n<p><strong>Enfin, sur le dossier de la for\u00eat, arr\u00eatons de dire n\u2019importe quoi !<\/strong><br \/>Le papier utilis\u00e9 pour les imprim\u00e9s Publicitaires provient \u00e0 84% des for\u00eats d\u2019Europe au d\u00e9fi des id\u00e9es re\u00e7ues, l\u2019industrie Papeti\u00e8re n\u2019est pas responsable du d\u00e9boisement intensif.<\/p>\n<p>S\u2019il est vrai qu\u2019il existe un d\u00e9boisement des for\u00eats primaires d\u2019Afrique, d\u2019Am\u00e9rique du Sud ou d\u2019Asie, ce n\u2019est pas le fait de l\u2019industrie Papeti\u00e8re. Ces vingt derni\u00e8res ann\u00e9es, la fili\u00e8re papier a r\u00e9alis\u00e9 d\u2019importants investissements dans des proc\u00e9d\u00e9s industriels innovants, respectueux de la sant\u00e9 humaine et de l\u2019environnement. Ces derniers ont notamment g\u00e9n\u00e9r\u00e9 une diminution de 80% des rejets dans l\u2019eau, une baisse de 50% des \u00e9missions de CO2 fossiles par tonne produite et une r\u00e9duction de plus de 30% des consommations d\u2019\u00e9nergies.<br \/>En 2018, \u00e0 l\u2019\u00e9chelle europ\u00e9enne, pr\u00e8s de 60% de l\u2019\u00e9nergie utilis\u00e9e par l\u2019industrie Papeti\u00e8re est d\u2019origine<br \/>renouvelable, principalement issue de la BIOMASSE.<br \/>Si la for\u00eat est en croissance et si elle est exploit\u00e9e convenablement, elle apporte une r\u00e9ponse efficace au probl\u00e8me de la captation des gaz \u00e0 effet de serre ! Et cette r\u00e9ponse vaut pour plus d\u2019un tiers des \u00e9missions. Aujourd\u2019hui, la plus grande partie du papier qui finit dans les bo\u00eetes, quel que soit le dispositif \u00ab Stop Pub ou Oui Pub \u00bb est produit \u00e0 partir d\u2019une mati\u00e8re de recyclage, \u00e0 90 % pr\u00e9cis\u00e9ment.<br \/>La grande distribution est un gros consommateur de tracts promotionnels s\u2019ils ne sont pas lus par tous, ces tracts sont lus par certains.<br \/>De fait, les coupons et les promotions sont tr\u00e8s importants pour un certain nombre de Fran\u00e7ais qui s\u2019efforcent simplement d\u2019acheter de la nourriture aux meilleures conditions.<\/p>\n<p><strong>Les cons\u00e9quences environnementales du d\u00e9veloppement num\u00e9rique ?<\/strong><br \/>On dit que des gens sont inquiets face \u00e0 l\u2019\u00e9volution du climat et \u00e0 l\u2019extinction des esp\u00e8ces. C\u2019est tr\u00e8s bien. Mais est-on pr\u00eat \u00e0 regarder en face le fait que le c\u0153ur de la catastrophe \u00e9cologique est en train de devenir le NUM\u00c9RIQUE ? Ce d\u00e9veloppement faramineux des interfaces, des \u00e9crans, des appareils et des r\u00e9seaux ?<br \/>Si son expansion se poursuit au rythme d\u2019un doublement tous les quatre ans, le num\u00e9rique sera en 2030 le secteur consommant le plus d\u2019\u00e9lectricit\u00e9 \u00e0 lui seul. C\u2019est extraordinaire que l\u2019\u00c9tat parle de \u00ab transition \u00e9nerg\u00e9tique \u00bb tout en promouvant cette croissance suicidaire !<br \/>Au lieu de r\u00e9guler fortement la Publicit\u00e9, comme le demandaient les Citoyens de la Convention, le Gouvernement pr\u00e9f\u00e8re mettre en place une exp\u00e9rimentation sur la base du volontariat du \u00ab Oui pub \u00bb sur les bo\u00eetes aux lettres.<br \/>Il est r\u00e9v\u00e9lateur de voir \u00e0 quel point le Gouvernement a repris les mesures les moins importantes des Citoyens de la Convention.<br \/>Il a s\u00e9lectionn\u00e9 les propositions non pas en fonction de leurs cons\u00e9quences sur le climat, mais plut\u00f4t de<br \/>leur degr\u00e9 d\u2019accommodement avec le syst\u00e8me \u00e9conomique actuel\u2026<br \/>Les artisans et les petits commer\u00e7ants de proximit\u00e9 vont \u00eatre impact\u00e9s alors qu\u2019ils n\u2019ont pas forc\u00e9ment de grands moyens et qui font conna\u00eetre leur activit\u00e9 par la Publicit\u00e9 ainsi que les personnes en situation pr\u00e9caire, qui gardent une activit\u00e9 gr\u00e2ce \u00e0 la distribution de Publicit\u00e9s papier. Si l\u2019on veut embrouiller l\u2019esprit des Concitoyens, en effet, adopter l\u2019un de ces amendements reviendrait \u00e0 ne pas laisser se d\u00e9ployer le dispositif \u00ab Stop Pub \u00bb pourtant il a \u00e9t\u00e9 vot\u00e9 dans le cadre de la loi AGEC.<\/p>\n<p>Les r\u00e8gles ont d\u00e9j\u00e0 \u00e9t\u00e9 propos\u00e9es et vot\u00e9es contrairement \u00e0 ce qui est indiqu\u00e9, le \u00ab Oui Pub \u00bb ne s\u2019inscrit pas dans la continuit\u00e9 de la loi AGEC. Cela ne pourra qu\u2019embrouiller davantage l\u2019esprit des Concitoyens, qui ne sauront plus s\u2019ils doivent apposer le sticker \u00ab Oui Pub \u00bb, le sticker \u00ab Stop Pub \u00bb ou rien du tout.<br \/>Le \u00ab Oui Pub \u00bb est quelque peu stigmatisant, en effet, les Concitoyens qui afficheront l\u2019autocollant \u00ab Oui Pub \u00bb sur leur bo\u00eete aux lettres enverront le message qu\u2019ils sont encore et toujours preneurs de la publicit\u00e9 papier.<br \/>En r\u00e9alit\u00e9, son adoption a mis de c\u00f4t\u00e9 le \u00ab Stop Pub \u00bb en instaurant une nouvelle exp\u00e9rimentation Publicit\u00e9 papier, \u00e0 rebours de la tendance actuelle qui tend \u00e0 all\u00e9ger la Publicit\u00e9.<br \/>De plus, ces Publicit\u00e9s papier d\u00e9pos\u00e9es dans les bo\u00eetes aux lettres sont souvent accompagn\u00e9es de bons de r\u00e9duction.  Le \u00ab Oui Pub \u00bb sera donc doublement stigmatisant.<\/p>\n<p><strong>Le calendrier de cette exp\u00e9rimentation aura lieu \u00e0 partir du 31 mars 2022<\/strong><br \/>Les collectivit\u00e9s commenceront \u00e0 communiquer aupr\u00e8s de leurs administr\u00e9s sur le dispositif \u00ab Oui Pub \u00bb et ce, pendant une p\u00e9riode de 3 mois.<br \/>Ces collectivit\u00e9s devront fournir aux habitants les autocollants \u00ab Oui Pub \u00bb. Ainsi, c\u2019est \u00e0 partir du 1er juillet 2022 que l\u2019interdiction de distribuer des imprim\u00e9s Publicitaires dans les bo\u00eetes aux lettres n\u2019affichant pas la volont\u00e9 expresse de recevoir de la Publicit\u00e9 entrera en vigueur.<br \/>Cette interdiction durera 33 mois, soit jusqu\u2019au 31 mars 2025.<\/p>\n<p>Les Plateformes impact\u00e9es par cette exp\u00e9rimentation, sont les suivantes : Grenoble 49 salari\u00e9s, Dunkerque 39 salari\u00e9s, Bordeaux 28 salari\u00e9s, Nancy 25 salari\u00e9s, Cannes 22 salari\u00e9s, Troyes 31 salari\u00e9s, Argenteuil 5 salari\u00e9s, Agen 13 salari\u00e9s, Saint Brieuc 2 salari\u00e9s, Foug\u00e8res 6 salari\u00e9s, Bordeaux 17 salari\u00e9s, Valence 37 salari\u00e9s. Pour un total de 274 distributeurs<\/p>\n<p>Dans un premier temps, MEDIAPOST arr\u00eatera temporairement la distribution sur les zones<br \/>d\u2019exp\u00e9rimentation du \u00ab Oui Pub \u00bb.<br \/>\u00c0 l\u2019inverse du syst\u00e8me actuel le \u00ab Stop Pub \u00bb, MEDIAPOST devra recenser le nombre de bo\u00eetes aux lettres,<br \/>\u00ab Oui Pub \u00bb et ce recensement pour mettre \u00e0 jour nos bases et nos r\u00e9f\u00e9rentiels prendra un certain temps.<br \/>En effet, tous les foyers concern\u00e9s par l\u2019exp\u00e9rimentation ne seront pas inform\u00e9s au m\u00eame moment et ne se d\u00e9cideront pas simultan\u00e9ment. <br \/>Cela pourra prendre plusieurs mois, en fonction du niveau de communication autour du \u00ab Oui Pub \u00bb par la collectivit\u00e9 et les acteurs \u00e9conomiques concern\u00e9es.<\/p>\n<p>Dans un second temps, l\u2019activit\u00e9 de distribution sur les zones \u00ab Oui Pub \u00bb pourra reprendre d\u00e8s lors<br \/>que le taux d\u2019adoption \u00ab Oui Pub \u00bb permettra une distribution rentable.<br \/>Seules les Publications d\u2019information Citoyenne des collectivit\u00e9s pourront \u00eatre distribu\u00e9es dans les zones<br \/>d\u2019exp\u00e9rimentation \u00ab Oui Pub \u00bb.<br \/>Pour continuer la communication vers les particuliers et les entreprises pour nos clients, dans l\u2019attente d\u2019un nombre de BAL \u00ab Oui Pub \u00bb suffisant, le Marketing est en train de construire des offres sp\u00e9cifiques.<br \/>Une phase d\u2019information des collectivit\u00e9s envers les parties prenantes et les habitants devrait commencer le 31 mars.<br \/>Les collectivit\u00e9s devront diffuser des autocollants \u00ab Oui Pub \u00bb.<br \/>MEDIAPOST va sortir courant f\u00e9vrier un site web <a href=\"http:\/\/www.oui-pub.info\/\">www.oui-pub.info<\/a>  qui informera les habitants concern\u00e9s. Ils pourront trouver les bonnes raisons pour adopter le \u00ab Oui Pub \u00bb ainsi qu\u2019un mod\u00e8le d\u2019\u00e9tiquette \u00e0 imprimer et \u00e0 coller sur leur bo\u00eete aux lettres.<br \/>Des courriers d\u2019explication ont \u00e9t\u00e9 envoy\u00e9s aux clients, \u00e0 l\u2019aplomb de l\u2019annonce de la liste des collectivit\u00e9s<br \/>s\u00e9lectionn\u00e9es pour l\u2019exp\u00e9rimentation \u00ab Oui Pub \u00bb fin 2021.<\/p>\n<p>Les \u00e9quipes commerciales se sont rapproch\u00e9es des enseignes au National et des magasins implant\u00e9s dans les collectivit\u00e9s concern\u00e9es afin de les informer, de les rassurer, et de les accompagner.<br \/>Des instances d\u2019information et de partage ont \u00e9t\u00e9 effectu\u00e9es avec les \u00e9quipes locales \u00e0 l\u2019aplomb de l\u2019annonce de la liste des collectivit\u00e9s s\u00e9lectionn\u00e9es pour l\u2019exp\u00e9rimentation \u00ab Oui Pub \u00bb fin 2021.<br \/>Des briefs de communication ont \u00e9t\u00e9 mis en place sur les diff\u00e9rentes r\u00e9gions et seront renouvel\u00e9s<br \/>r\u00e9guli\u00e8rement pour tenir inform\u00e9es les \u00e9quipes.<br \/>Des d\u00e9marches d\u2019identification des projets professionnels des salari\u00e9s potentiellement concern\u00e9s vont \u00eatre men\u00e9es afin de d\u00e9finir des dispositifs d\u2019accompagnement adapt\u00e9s.<\/p>\n<p>Dans le cadre du \u00ab Oui Pub \u00bb, la Direction a souhait\u00e9 d\u00e9finir avec les Organisations Syndicales les mesures d\u2019accompagnement des salari\u00e9s. (le 23 F\u00e9vrier, 10 et 23 Mars).<\/p>\n<p><strong>Pour la CFTC,<\/strong> il sera tr\u00e8s important de mettre un dispositif de gestion exceptionnel en proposant un ensemble de mesures et visant \u00e0 assurer l\u2019employabilit\u00e9 des salari\u00e9s par une gestion pr\u00e9visionnelle et visant \u00e0 aider les salari\u00e9s contraints de r\u00e9inventer leur avenir professionnel.<br \/>Des mesures de d\u00e9parts n\u00e9goci\u00e9s individuellement, accompagn\u00e9es de primes pour tous ceux qui renonceraient au b\u00e9n\u00e9fice des mesures de reclassement<\/p>\n<p>L\u2019article <a href=\"https:\/\/www.cftcmediaplus.fr\/postes\/mediapost-experimentation-du-oui-pub-de-nombreux-emplois-sont-menaces\/\">Mediapost : Exp\u00e9rimentation du \u00ab Oui Pub \u00bb, de nombreux emplois sont menac\u00e9s<\/a> est apparu en premier sur <a href=\"https:\/\/www.cftcmediaplus.fr\/\">CFTC Media Plus<\/a>.<\/p>","protected":false},"excerpt":{"rendered":"<p>La loi climat pr\u00e9voit l\u2019exp\u00e9rimentation d\u2019un dispositif \u00ab Oui pub \u00bb visant \u00e0 r\u00e9guler la Publicit\u00e9\u0301. Dans la droite ligne de \u00ab Stop pub \u00bb Le projet de loi Climat et R\u00e9silience, en 2020, a r\u00e9uni 150 personnes, toutes tir\u00e9es au sort, pour d\u00e9finir une s\u00e9rie de mesures permettant d\u2019atteindre une baisse d\u2019au moins 40% [&hellip;]<\/p>\n","protected":false},"author":0,"featured_media":0,"comment_status":"open","ping_status":"open","sticky":false,"template":"","format":"standard","meta":[],"categories":[1],"tags":[],"_links":{"self":[{"href":"https:\/\/cftc-syntec.fr\/testimport\/wp-json\/wp\/v2\/posts\/4318"}],"collection":[{"href":"https:\/\/cftc-syntec.fr\/testimport\/wp-json\/wp\/v2\/posts"}],"about":[{"href":"https:\/\/cftc-syntec.fr\/testimport\/wp-json\/wp\/v2\/types\/post"}],"replies":[{"embeddable":true,"href":"https:\/\/cftc-syntec.fr\/testimport\/wp-json\/wp\/v2\/comments?post=4318"}],"version-history":[{"count":0,"href":"https:\/\/cftc-syntec.fr\/testimport\/wp-json\/wp\/v2\/posts\/4318\/revisions"}],"wp:attachment":[{"href":"https:\/\/cftc-syntec.fr\/testimport\/wp-json\/wp\/v2\/media?parent=4318"}],"wp:term":[{"taxonomy":"category","embeddable":true,"href":"https:\/\/cftc-syntec.fr\/testimport\/wp-json\/wp\/v2\/categories?post=4318"},{"taxonomy":"post_tag","embeddable":true,"href":"https:\/\/cftc-syntec.fr\/testimport\/wp-json\/wp\/v2\/tags?post=4318"}],"curies":[{"name":"wp","href":"https:\/\/api.w.org\/{rel}","templated":true}]}}