{"id":4323,"date":"2022-03-13T09:23:40","date_gmt":"2022-03-13T08:23:40","guid":{"rendered":"https:\/\/cftc-syntec.fr\/testimport\/assemblee-generale-de-mediapost\/"},"modified":"2022-03-13T09:23:40","modified_gmt":"2022-03-13T08:23:40","slug":"assemblee-generale-de-mediapost","status":"publish","type":"post","link":"https:\/\/cftc-syntec.fr\/testimport\/assemblee-generale-de-mediapost\/","title":{"rendered":"Assembl\u00e9e G\u00e9n\u00e9rale de Mediapost"},"content":{"rendered":"<p>Le 8 mars 2022, l\u2019AG du syndicat CFTC Mediapost s\u2019est tenue. <\/p>\n<\/p>\n<p>Ont \u00e9t\u00e9 \u00e9lues : <\/p>\n<p>Ir\u00e8ne Allary, Pr\u00e9sidente<\/p>\n<p>Marie Ange Attard, Secr\u00e9taire<\/p>\n<p>Dani\u00e8le Di Gioia, Vice-pr\u00e9sidente<\/p>\n<p>Laredj Herir, Secr\u00e9taire adjoint<\/p>\n<\/p>\n<p>F\u00e9licitations \u00e0 la nouvelle \u00e9quipe !<\/p>\n<p>L\u2019article <a href=\"https:\/\/www.cftcmediaplus.fr\/syndicats\/assemblee-generale-de-mediapost\/\">Assembl\u00e9e G\u00e9n\u00e9rale de Mediapost<\/a> est apparu en premier sur <a href=\"https:\/\/www.cftcmediaplus.fr\/\">CFTC Media Plus<\/a>.<\/p>\n","protected":false},"excerpt":{"rendered":"<p>Le 8 mars 2022, l\u2019AG du syndicat CFTC Mediapost s\u2019est tenue. Ont \u00e9t\u00e9 \u00e9lues : Ir\u00e8ne Allary, Pr\u00e9sidente Marie Ange Attard, Secr\u00e9taire Dani\u00e8le Di Gioia, Vice-pr\u00e9sidente Laredj Herir, Secr\u00e9taire adjoint F\u00e9licitations \u00e0 la nouvelle \u00e9quipe ! L\u2019article Assembl\u00e9e G\u00e9n\u00e9rale de Mediapost est apparu en premier sur CFTC Media Plus.<\/p>\n","protected":false},"author":0,"featured_media":0,"comment_status":"open","ping_status":"open","sticky":false,"template":"","format":"standard","meta":[],"categories":[1],"tags":[],"_links":{"self":[{"href":"https:\/\/cftc-syntec.fr\/testimport\/wp-json\/wp\/v2\/posts\/4323"}],"collection":[{"href":"https:\/\/cftc-syntec.fr\/testimport\/wp-json\/wp\/v2\/posts"}],"about":[{"href":"https:\/\/cftc-syntec.fr\/testimport\/wp-json\/wp\/v2\/types\/post"}],"replies":[{"embeddable":true,"href":"https:\/\/cftc-syntec.fr\/testimport\/wp-json\/wp\/v2\/comments?post=4323"}],"version-history":[{"count":0,"href":"https:\/\/cftc-syntec.fr\/testimport\/wp-json\/wp\/v2\/posts\/4323\/revisions"}],"wp:attachment":[{"href":"https:\/\/cftc-syntec.fr\/testimport\/wp-json\/wp\/v2\/media?parent=4323"}],"wp:term":[{"taxonomy":"category","embeddable":true,"href":"https:\/\/cftc-syntec.fr\/testimport\/wp-json\/wp\/v2\/categories?post=4323"},{"taxonomy":"post_tag","embeddable":true,"href":"https:\/\/cftc-syntec.fr\/testimport\/wp-json\/wp\/v2\/tags?post=4323"}],"curies":[{"name":"wp","href":"https:\/\/api.w.org\/{rel}","templated":true}]}}