{"id":4326,"date":"2022-03-13T09:23:41","date_gmt":"2022-03-13T08:23:41","guid":{"rendered":"https:\/\/cftc-syntec.fr\/testimport\/la-poste-prime-dequipe-2022-dans-les-pic\/"},"modified":"2022-03-13T09:23:41","modified_gmt":"2022-03-13T08:23:41","slug":"la-poste-prime-dequipe-2022-dans-les-pic","status":"publish","type":"post","link":"https:\/\/cftc-syntec.fr\/testimport\/la-poste-prime-dequipe-2022-dans-les-pic\/","title":{"rendered":"La Poste :  prime d\u2019\u00e9quipe 2022 dans les Pic"},"content":{"rendered":"<p>UNE PRIME EN PIC !! OUI !! LA CFTC DEMANDE DES GARANTIES\u2026<\/p>\n<p>Suite \u00e0 la signature de l\u2019accord BSCC, la CFTC a obtenu cette reconnaissance. Aussi, nous d\u00e9sirons que cette prime soit un levier pour valoriser l\u2019engagement des agents sans contrainte.<br \/>La CFTC a obtenu la neutralisation de toutes les absences pour maladie du 1er janvier au 19 f\u00e9vrier 2022. Pour la CFTC, cette prime doit \u00eatre accessible au plus grand nombre.<\/p>\n<p><strong>Modalit\u00e9s de versement de la Prime<\/strong><br \/>\u2022 Montant de R\u00e9f\u00e9rence Cible 300 Euros bruts<br \/>\u2022 Montant en cas de Surperformance (d\u00e9passement des objectifs) 450 Euros bruts<br \/>\u2022 Modalit\u00e9s et crit\u00e8res revus en janvier de chaque ann\u00e9e<\/p>\n<p>La CFTC demande<br \/>\u2022 Des indicateurs en ad\u00e9quation avec les activit\u00e9s des agents afin d\u2019optimiser le montant de cette prime.<br \/>\u2022 La neutralisation du premier trimestre 2022 durant le d\u00e9ploiement des EAP et la mise en place des indicateurs dans les \u00e9tablissements.<br \/>\u2022 Le paiement de cette prime pour tous les agents du p\u00e9rim\u00e8tre DEX-CIL pendant le d\u00e9ploiement des EAP sur les sites.<\/p>\n<p>Au-del\u00e0 de la prime, l\u2019accord engage la DEX-CIL \u00e0 recruter 300 CDI d\u2019octobre 2021 \u00e0 d\u00e9cembre 2022 et \u00e0 promouvoir 1 000 agents sur la m\u00eame p\u00e9riode.<br \/>Les animateurs UAP seront positionn\u00e9s en classe II.<\/p>\n<\/p>\n<p>Pour la CFTC, cette prime est une bonne nouvelle, n\u00e9anmoins nous serons vigilants sur les modalit\u00e9s de versement !<\/p>\n<p>L\u2019article <a href=\"https:\/\/www.cftcmediaplus.fr\/postes\/la-poste-prime-dequipe-2022-dans-les-pic\/\">La Poste :  prime d\u2019\u00e9quipe 2022 dans les Pic<\/a> est apparu en premier sur <a href=\"https:\/\/www.cftcmediaplus.fr\/\">CFTC Media Plus<\/a>.<\/p>\n","protected":false},"excerpt":{"rendered":"<p>UNE PRIME EN PIC !! OUI !! LA CFTC DEMANDE DES GARANTIES\u2026 Suite \u00e0 la signature de l\u2019accord BSCC, la CFTC a obtenu cette reconnaissance. Aussi, nous d\u00e9sirons que cette prime soit un levier pour valoriser l\u2019engagement des agents sans contrainte.La CFTC a obtenu la neutralisation de toutes les absences pour maladie du 1er janvier [&hellip;]<\/p>\n","protected":false},"author":0,"featured_media":0,"comment_status":"open","ping_status":"open","sticky":false,"template":"","format":"standard","meta":[],"categories":[1],"tags":[],"_links":{"self":[{"href":"https:\/\/cftc-syntec.fr\/testimport\/wp-json\/wp\/v2\/posts\/4326"}],"collection":[{"href":"https:\/\/cftc-syntec.fr\/testimport\/wp-json\/wp\/v2\/posts"}],"about":[{"href":"https:\/\/cftc-syntec.fr\/testimport\/wp-json\/wp\/v2\/types\/post"}],"replies":[{"embeddable":true,"href":"https:\/\/cftc-syntec.fr\/testimport\/wp-json\/wp\/v2\/comments?post=4326"}],"version-history":[{"count":0,"href":"https:\/\/cftc-syntec.fr\/testimport\/wp-json\/wp\/v2\/posts\/4326\/revisions"}],"wp:attachment":[{"href":"https:\/\/cftc-syntec.fr\/testimport\/wp-json\/wp\/v2\/media?parent=4326"}],"wp:term":[{"taxonomy":"category","embeddable":true,"href":"https:\/\/cftc-syntec.fr\/testimport\/wp-json\/wp\/v2\/categories?post=4326"},{"taxonomy":"post_tag","embeddable":true,"href":"https:\/\/cftc-syntec.fr\/testimport\/wp-json\/wp\/v2\/tags?post=4326"}],"curies":[{"name":"wp","href":"https:\/\/api.w.org\/{rel}","templated":true}]}}