{"id":4336,"date":"2022-03-19T10:43:54","date_gmt":"2022-03-19T09:43:54","guid":{"rendered":"https:\/\/cftc-syntec.fr\/testimport\/la-poste-prime-de-remplacement-courrier\/"},"modified":"2022-03-19T10:43:54","modified_gmt":"2022-03-19T09:43:54","slug":"la-poste-prime-de-remplacement-courrier","status":"publish","type":"post","link":"https:\/\/cftc-syntec.fr\/testimport\/la-poste-prime-de-remplacement-courrier\/","title":{"rendered":"La Poste : prime de remplacement courrier"},"content":{"rendered":"<p>LE FAIT DU PRINCE ?<\/p>\n<\/p>\n<p>Il y a encore trop d\u2019interpr\u00e9tations locales sur le paiement de la prime de remplacement courrier. Pour exemple, un facteur rempla\u00e7ant qui reste sur la m\u00eame tourn\u00e9e pendant quelques semaines, on vient lui dire qu\u2019il n\u2019a pas le droit \u00e0 la prime. Et bien NON !<br \/>La CFTC en signant l\u2019accord Courrier 2021 permet aux agents rempla\u00e7ants du courrier de conserver cette prime.<\/p>\n<p>La CFTC demande<br \/>\u2022 Que la prime de remplacement soit vers\u00e9e \u00e0 tous les agents de la distribution le samedi.<br \/>\u2022 La revalorisation de la prime \u00e0 10 \u20ac minimum.<br \/>\u2022 Que les FSE ne soient pas les oubli\u00e9s de la prime du samedi<\/p>\n<p>Infos de derni\u00e8re minute !<br \/>\u2022 Les absences pour maladie, quel que soit le motif, sont neutralis\u00e9es entre le 21 d\u00e9cembre 2021 et le 19 f\u00e9vrier 2022 pour la prime d\u2019\u00e9quipe.<br \/>\u2022 Les modifications inopin\u00e9es (s\u00e9cables, partageables, etc\u2026) d\u00e9j\u00e0 effectu\u00e9es depuis le 1er janvier seront comptabilis\u00e9es dans le total annuel maximum de 30 jours<\/p>\n<p>L\u2019article <a href=\"https:\/\/www.cftcmediaplus.fr\/postes\/la-poste-prime-de-remplacement-courrier\/\">La Poste : prime de remplacement courrier<\/a> est apparu en premier sur <a href=\"https:\/\/www.cftcmediaplus.fr\/\">CFTC Media Plus<\/a>.<\/p>\n","protected":false},"excerpt":{"rendered":"<p>LE FAIT DU PRINCE ? Il y a encore trop d\u2019interpr\u00e9tations locales sur le paiement de la prime de remplacement courrier. Pour exemple, un facteur rempla\u00e7ant qui reste sur la m\u00eame tourn\u00e9e pendant quelques semaines, on vient lui dire qu\u2019il n\u2019a pas le droit \u00e0 la prime. Et bien NON !La CFTC en signant l\u2019accord [&hellip;]<\/p>\n","protected":false},"author":0,"featured_media":0,"comment_status":"open","ping_status":"open","sticky":false,"template":"","format":"standard","meta":[],"categories":[1],"tags":[],"_links":{"self":[{"href":"https:\/\/cftc-syntec.fr\/testimport\/wp-json\/wp\/v2\/posts\/4336"}],"collection":[{"href":"https:\/\/cftc-syntec.fr\/testimport\/wp-json\/wp\/v2\/posts"}],"about":[{"href":"https:\/\/cftc-syntec.fr\/testimport\/wp-json\/wp\/v2\/types\/post"}],"replies":[{"embeddable":true,"href":"https:\/\/cftc-syntec.fr\/testimport\/wp-json\/wp\/v2\/comments?post=4336"}],"version-history":[{"count":0,"href":"https:\/\/cftc-syntec.fr\/testimport\/wp-json\/wp\/v2\/posts\/4336\/revisions"}],"wp:attachment":[{"href":"https:\/\/cftc-syntec.fr\/testimport\/wp-json\/wp\/v2\/media?parent=4336"}],"wp:term":[{"taxonomy":"category","embeddable":true,"href":"https:\/\/cftc-syntec.fr\/testimport\/wp-json\/wp\/v2\/categories?post=4336"},{"taxonomy":"post_tag","embeddable":true,"href":"https:\/\/cftc-syntec.fr\/testimport\/wp-json\/wp\/v2\/tags?post=4336"}],"curies":[{"name":"wp","href":"https:\/\/api.w.org\/{rel}","templated":true}]}}