{"id":4364,"date":"2022-03-28T11:58:52","date_gmt":"2022-03-28T09:58:52","guid":{"rendered":"https:\/\/cftc-syntec.fr\/testimport\/le-24-mars-les-retraites-seront-dans-la-rue-pour-les-pensions-la-sante-et-les-services-publics\/"},"modified":"2022-03-28T11:58:52","modified_gmt":"2022-03-28T09:58:52","slug":"le-24-mars-les-retraites-seront-dans-la-rue-pour-les-pensions-la-sante-et-les-services-publics","status":"publish","type":"post","link":"https:\/\/cftc-syntec.fr\/testimport\/le-24-mars-les-retraites-seront-dans-la-rue-pour-les-pensions-la-sante-et-les-services-publics\/","title":{"rendered":"Le 24 mars, les Retrait\u00e9s seront dans la rue pour les pensions, la sant\u00e9 et les services publics"},"content":{"rendered":"<p><strong>Ce que les retrait\u00e9s ne sont pas :<\/strong><\/p>\n<p>Ils ne sont pas un co\u00fbt mais une richesse : les pensions qu\u2019ils per\u00e7oivent sont un droit issu des cotisations vers\u00e9es au long de leur vie de travail et elles alimentent le dynamisme de l\u2019\u00e9conomie.<\/p>\n<p>Ils ne sont pas un probl\u00e8me sanitaire : le vieillissement, c\u2019est la vie, il n\u2019entra\u00eene pas une perte de dignit\u00e9 du fait de la diminution des capacit\u00e9s physiques. \u00a0<\/p>\n<p><strong>POURQUOI les retrait\u00e9s sont sacrifi\u00e9s ?<\/strong><\/p>\n<p>\u2022 Pourquoi nos pensions \u00ab d\u00e9crochent \u00bb chaque ann\u00e9e et baissent r\u00e9guli\u00e8rement au regard du co\u00fbt de la vie ? Pour[1]quoi en 10 ann\u00e9es avons-nous perdu pr\u00e8s de 10 % du mon[1]tant initial de nos pensions ?<\/p>\n<p>\u2022 Pourquoi a-t-il fallu le scandale ORPEA pour que les m\u00e9[1]dias s\u2019int\u00e9ressent \u00e0 la situation des personnes tr\u00e8s \u00e2g\u00e9es dans les EHPAD, situation que nos organisations d\u00e9noncent de[1]puis des ann\u00e9es ? Pourquoi les r\u00e9sidents des EHPAD ont-ils \u00e9t\u00e9 interdits d\u2019acc\u00e8s aux urgences hospitali\u00e8res au beau mi[1]lieu de la pand\u00e9mie, entra\u00eenant ainsi 34 000 d\u00e9c\u00e8s parmi les 600 000 r\u00e9sidents des Ehpad, soit plus d\u2019un d\u00e9c\u00e8s sur trois constat\u00e9 en France ? Retrait\u00e9s, nous sommes :<\/p>\n<p>\u2013 sciemment appauvris,<\/p>\n<p>\u2013 volontairement sacrifi\u00e9s.<\/p>\n<p><strong>Nous ne l\u2019accepterons jamais !<\/strong><\/p>\n<p>Le 24 mars 2022, nous manifesterons dans les r\u00e9gions et les d\u00e9partements pour dire notre col\u00e8re et nos revendications. En pleine p\u00e9riode \u00e9lectorale pr\u00e9sidentielles et l\u00e9gislatives, nos 9 organisations tiennent \u00e0 imposer le social dans l\u2019actualit\u00e9 et rappellent leurs revendications :<\/p>\n<p><strong>Pouvoir d\u2019achat :<\/strong><\/p>\n<p>\u2022 Retour \u00e0 l\u2019indexation de nos pensions sur les salaires ! C\u2019est la d\u00e9sindexation, depuis 1987, qui a entra\u00een\u00e9 une baisse continue des revenus des retrait\u00e9s. Alors que les entre[1]prises du CAC 40 ont enregistr\u00e9 137 mil[1]liards d\u2019euros de profit en 2021, que les grandes banques ont r\u00e9alis\u00e9 plus de 31 mil[1]liards d\u2019euros de profit, il est inadmissible que des retrait\u00e9s per\u00e7oivent moins de 800 euros par mois.<\/p>\n<p>\u2022 Pas de pension inf\u00e9rieure au SMIC !<\/p>\n<p>\u2022 Rattrapage des pertes de pouvoir d\u2019achat \u00e9quivalent \u00e0 un mois de pension par an.<\/p>\n<p>\u2022 Annulation de la hausse de la CSG de 1,7 point d\u00e9cid\u00e9e par le gouvernement actuel en 2017 !<\/p>\n<p>\u2022 R\u00e9tablissement de \u00bd part fiscale suppl\u00e9[1]mentaire pour les parents isol\u00e9s, les veufs[1]veuves qui a \u00e9t\u00e9 injustement supprim\u00e9e !<\/p>\n<p>\u2022 Am\u00e9lioration des pensions de r\u00e9version vers\u00e9e aux conjoints survivants !<\/p>\n<p><strong>Sant\u00e9<\/strong><\/p>\n<p>La situation sanitaire des EHPAD est le r\u00e9sultat d\u2019un sous-investissement drastique de l\u2019Etat et des r\u00e9gions dans les \u00e9tablissements des retrait\u00e9s, ce que la cr\u00e9ation d\u2019une 5 e branche auto[1]nome ne fera qu\u2019ent\u00e9riner, faute de moyens suffisants en personnels et en dotations.<\/p>\n<p><strong>Aussi, nos 9 organisations exigent :<\/strong><\/p>\n<p>\u2013 La prise en charge de l\u2019autonomie par l\u2019Assurance maladie de la S\u00e9curit\u00e9 Sociale et la cr\u00e9ation d\u2019un grand service public de l\u2019autonomie.<\/p>\n<p>\u2013 La cr\u00e9ation de 300 000 postes dans le secteur m\u00e9dico-social, 200 000 dans les EHPAD et 100 000 dans l\u2019aide \u00e0 domicile.<\/p>\n<p>\u2013 La cr\u00e9ation de lits d\u2019EHPAD dans le secteur public pour faire face aux besoins et arriver \u00e0 1 soignant pour 1 r\u00e9sident alors que nous sommes \u00e0 0,63 actuellement.<\/p>\n<p>\u2013 L\u2019am\u00e9lioration de la situation professionnelle des personnels m\u00e9dico-sociaux par une meilleure formation et de meilleures r\u00e9mun\u00e9rations.<\/p>\n<p>La situation de l\u2019h\u00f4pital public inqui\u00e8te profond\u00e9ment les retrait\u00e9s car nous sommes persuad\u00e9s que des milliers de d\u00e9c\u00e8s auraient pu \u00eatre \u00e9vit\u00e9s si 1 700 postes n\u2019avaient pas \u00e9t\u00e9 supprim\u00e9s l\u2019an pass\u00e9 et plus de 100 000 autres dans la derni\u00e8re d\u00e9cennie : on meurt du manque de lits de de r\u00e9animations autant que de la COVID19 elle-m\u00eame.<\/p>\n<p>\u2013 Non aux suppressions de lits !<\/p>\n<p>\u2013 R\u00e9ouverture des services et des h\u00f4pitaux ferm\u00e9s pour des \u00e9conomies budg\u00e9taires !<\/p>\n<p><strong>Les droits et les services publics<\/strong><\/p>\n<p>\u00a0Les Retrait\u00e9s sont des citoyens comme les autres : ils veulent vivre, vivre dans la dignit\u00e9 et le respect de leurs droits, avec des services publics de proximit\u00e9 : droit d\u2019acc\u00e8s aux soins, aux transports, aux services sociaux, aux services des Imp\u00f4ts, etc.<\/p>\n<p>Nous avons droit \u00e0 une pension permettant de faire face au co\u00fbt de la vie qui explose actuellement et \u00e0 un logement digne et adapt\u00e9.<\/p>\n<p>Nous refusons la d\u00e9mat\u00e9rialisation \u00e0 outrance des relations avec les administrations et les services : Non au tout-internet ! Pr\u00e8s d\u2019une personne sur quatre n\u2019a ni ordinateur ni tablette, il faut avoir la possibilit\u00e9 de rencontrer un agent, d\u2019avoir un accompagnement.<\/p>\n<p><strong>Malgr\u00e9 un contexte anxiog\u00e8ne (pand\u00e9mie et Ukraine), les Retrait\u00e9s n\u2019accepteront pas de payer le prix des sacrifices annonc\u00e9s.<\/strong><\/p>\n<p>Avec nos organisations, toutes et tous dans la rue le <strong>24 mars<\/strong> dans 28 villes pour imposer le social dans l\u2019actualit\u00e9, pour dire \u00e0 tous les candidats : Les Retrait\u00e9s sont des citoyens, ils sont en col\u00e8re, ils veulent \u00eatre entendus et voir leurs revendications satisfaites !<\/p>\n<p class=\"has-text-align-center\"><strong>En avant le 24 MARS !<\/strong><\/p>\n<p class=\"has-text-align-center\"><strong>MANIFESTATION REGIONALE \u00e0 MARSEILLE<\/strong><\/p>\n<p class=\"has-text-align-center\"><strong>Comme dans toutes les r\u00e9gions de France ! RDV \u00e0 10 h 30 Escaliers gare St Charles \u00e0 Marseille D\u00e9fil\u00e9 vers la Pr\u00e9fecture<\/strong><\/p>\n<p>L\u2019article <a href=\"https:\/\/www.cftcmediaplus.fr\/syndicats\/le-24-mars-les-retraites-seront-dans-la-rue-pour-les-pensions-la-sante-et-les-services-publics\/\">Le 24 mars, les Retrait\u00e9s seront dans la rue pour les pensions, la sant\u00e9 et les services publics<\/a> est apparu en premier sur <a href=\"https:\/\/www.cftcmediaplus.fr\/\">CFTC Media Plus<\/a>.<\/p>\n","protected":false},"excerpt":{"rendered":"<p>Ce que les retrait\u00e9s ne sont pas : Ils ne sont pas un co\u00fbt mais une richesse : les pensions qu\u2019ils per\u00e7oivent sont un droit issu des cotisations vers\u00e9es au long de leur vie de travail et elles alimentent le dynamisme de l\u2019\u00e9conomie. Ils ne sont pas un probl\u00e8me sanitaire : le vieillissement, c\u2019est la [&hellip;]<\/p>\n","protected":false},"author":0,"featured_media":0,"comment_status":"open","ping_status":"open","sticky":false,"template":"","format":"standard","meta":[],"categories":[1],"tags":[],"_links":{"self":[{"href":"https:\/\/cftc-syntec.fr\/testimport\/wp-json\/wp\/v2\/posts\/4364"}],"collection":[{"href":"https:\/\/cftc-syntec.fr\/testimport\/wp-json\/wp\/v2\/posts"}],"about":[{"href":"https:\/\/cftc-syntec.fr\/testimport\/wp-json\/wp\/v2\/types\/post"}],"replies":[{"embeddable":true,"href":"https:\/\/cftc-syntec.fr\/testimport\/wp-json\/wp\/v2\/comments?post=4364"}],"version-history":[{"count":0,"href":"https:\/\/cftc-syntec.fr\/testimport\/wp-json\/wp\/v2\/posts\/4364\/revisions"}],"wp:attachment":[{"href":"https:\/\/cftc-syntec.fr\/testimport\/wp-json\/wp\/v2\/media?parent=4364"}],"wp:term":[{"taxonomy":"category","embeddable":true,"href":"https:\/\/cftc-syntec.fr\/testimport\/wp-json\/wp\/v2\/categories?post=4364"},{"taxonomy":"post_tag","embeddable":true,"href":"https:\/\/cftc-syntec.fr\/testimport\/wp-json\/wp\/v2\/tags?post=4364"}],"curies":[{"name":"wp","href":"https:\/\/api.w.org\/{rel}","templated":true}]}}