{"id":4369,"date":"2022-03-30T17:35:35","date_gmt":"2022-03-30T15:35:35","guid":{"rendered":"https:\/\/cftc-syntec.fr\/testimport\/votre-magazine-le-lien-syndical-n326-est-paru\/"},"modified":"2022-03-30T17:35:35","modified_gmt":"2022-03-30T15:35:35","slug":"votre-magazine-le-lien-syndical-n326-est-paru","status":"publish","type":"post","link":"https:\/\/cftc-syntec.fr\/testimport\/votre-magazine-le-lien-syndical-n326-est-paru\/","title":{"rendered":"Votre magazine Le Lien Syndical n\u00b0326 est paru !"},"content":{"rendered":"<p>Au sommaire de ce num\u00e9ro : <\/p>\n<p>\u00c9dito par Anne Chatain<br \/>En page 4 : La place des femmes dans les syndicats<br \/>page 5 Nos repr\u00e9sentantes<br \/>page 6 Un logo CFTC modernis\u00e9 , unique et indivisible<br \/>page 8 Vos outils pour communiquer<br \/>page 9 Plan de formation<br \/>page 13 La r\u00e9glementation en mati\u00e8re de tract<br \/>page 14 Les accords de communication syndicale<br \/>page 15 Une F\u00e9d\u00e9ration qui communique<br \/>page 16 RGPD, mythe ou r\u00e9alit\u00e9 ?<br \/>page 17 Un village CFTC pour rendre visible votre syndicat<br \/>page 18 Exp\u00e9rimentation du \u00ab Oui Pub \u00bb : une fausse bonne id\u00e9e !<br \/>page 19 Bilan des ordonnances Macron<\/p>\n<\/p>\n<p>Pour le t\u00e9l\u00e9charger : <a href=\"https:\/\/www.cftcmediaplus.fr\/telechargement\/\">T\u00e9l\u00e9chargement \u2013 CFTC Media Plus<\/a><\/p>\n<p>L\u2019article <a href=\"https:\/\/www.cftcmediaplus.fr\/federation\/votre-magazine-le-lien-syndical-n326-est-paru\/\">Votre magazine Le Lien Syndical n\u00b0326 est paru !<\/a> est apparu en premier sur <a href=\"https:\/\/www.cftcmediaplus.fr\/\">CFTC Media Plus<\/a>.<\/p>\n","protected":false},"excerpt":{"rendered":"<p>Au sommaire de ce num\u00e9ro : \u00c9dito par Anne ChatainEn page 4 : La place des femmes dans les syndicatspage 5 Nos repr\u00e9sentantespage 6 Un logo CFTC modernis\u00e9 , unique et indivisiblepage 8 Vos outils pour communiquerpage 9 Plan de formationpage 13 La r\u00e9glementation en mati\u00e8re de tractpage 14 Les accords de communication syndicalepage 15 [&hellip;]<\/p>\n","protected":false},"author":0,"featured_media":0,"comment_status":"open","ping_status":"open","sticky":false,"template":"","format":"standard","meta":[],"categories":[1],"tags":[],"_links":{"self":[{"href":"https:\/\/cftc-syntec.fr\/testimport\/wp-json\/wp\/v2\/posts\/4369"}],"collection":[{"href":"https:\/\/cftc-syntec.fr\/testimport\/wp-json\/wp\/v2\/posts"}],"about":[{"href":"https:\/\/cftc-syntec.fr\/testimport\/wp-json\/wp\/v2\/types\/post"}],"replies":[{"embeddable":true,"href":"https:\/\/cftc-syntec.fr\/testimport\/wp-json\/wp\/v2\/comments?post=4369"}],"version-history":[{"count":0,"href":"https:\/\/cftc-syntec.fr\/testimport\/wp-json\/wp\/v2\/posts\/4369\/revisions"}],"wp:attachment":[{"href":"https:\/\/cftc-syntec.fr\/testimport\/wp-json\/wp\/v2\/media?parent=4369"}],"wp:term":[{"taxonomy":"category","embeddable":true,"href":"https:\/\/cftc-syntec.fr\/testimport\/wp-json\/wp\/v2\/categories?post=4369"},{"taxonomy":"post_tag","embeddable":true,"href":"https:\/\/cftc-syntec.fr\/testimport\/wp-json\/wp\/v2\/tags?post=4369"}],"curies":[{"name":"wp","href":"https:\/\/api.w.org\/{rel}","templated":true}]}}