{"id":4372,"date":"2022-03-31T18:27:34","date_gmt":"2022-03-31T16:27:34","guid":{"rendered":"https:\/\/cftc-syntec.fr\/testimport\/une-federation-qui-communique\/"},"modified":"2022-03-31T18:27:34","modified_gmt":"2022-03-31T16:27:34","slug":"une-federation-qui-communique","status":"publish","type":"post","link":"https:\/\/cftc-syntec.fr\/testimport\/une-federation-qui-communique\/","title":{"rendered":"UNE F\u00c9D\u00c9RATION QUI COMMUNIQUE !"},"content":{"rendered":"<p>La F\u00e9d\u00e9ration CFTC Media+ porte dignement son nom. Depuis quatre ans, nous avons d\u00e9velopp\u00e9 notre communication et cela porte ses fruits. La F\u00e9d\u00e9ration est visible et regard\u00e9e sur de nombreux supports de communication. R\u00e9jane Begouen, en tant que responsable communication, est fi\u00e8re de ces r\u00e9sultats et des actions men\u00e9es qu\u2019il faut continuer \u00e0 promouvoir afin de rendre encore plus forte la CFTC !<\/p>\n<\/p>\n<p>Chaque mois, sans publicit\u00e9, ce sont pr\u00e8s de 3 000 personnes qui visitent notre site internet <a href=\"http:\/\/www.cftcmediaplus.fr\/\">www.cftcmediaplus.fr<\/a><\/p>\n<\/p>\n<p>Sur Facebook, la page CFTC Media+ compte pr\u00e8s de 900 abonn\u00e9s, et le nombre de vues est d\u2019au mois 3000 par mois.<\/p>\n<\/p>\n<p>Sur Google, qui emm\u00e8ne une partie de nos lecteurs sur notre site, plus de 700 personnes se renseignent par mois sur la f\u00e9d\u00e9ration.<\/p>\n<\/p>\n<p>Sur Twitter, rejoint en 2019, la page compte 549 abonn\u00e9s.<\/p>\n<\/p>\n<p>Sur LinkedIn, la page cr\u00e9\u00e9e en 2021 compte d\u00e9j\u00e0 383 abonn\u00e9s et est r\u00e9guli\u00e8rement recherch\u00e9e.<\/p>\n<\/p>\n<p>Cette visibilit\u00e9 est bonne pour nos actions, nos concurrents et la presse (nous avons d\u00e9j\u00e0 \u00e9t\u00e9 sollicit\u00e9s par ce biais) nous regardent, tout comme les entreprises. Cela a d\u00e9j\u00e0 permis plusieurs adh\u00e9sions !<br \/>Nous envisageons un test : des publicit\u00e9s cibl\u00e9es sur les r\u00e9seaux sociaux, sur des th\u00e9matiques  particuli\u00e8res, pour attirer de nouveaux sympathisants, qui deviendront certainement des adh\u00e9rents. <\/p>\n<\/p>\n<p>T<strong>OUS COMMUNICANTS POUR FAIRE GAGNER LA CFTC !<\/strong><\/p>\n<p>L\u2019article <a href=\"https:\/\/www.cftcmediaplus.fr\/federation\/une-federation-qui-communique\/\">UNE F\u00c9D\u00c9RATION QUI COMMUNIQUE !<\/a> est apparu en premier sur <a href=\"https:\/\/www.cftcmediaplus.fr\/\">CFTC Media Plus<\/a>.<\/p>\n","protected":false},"excerpt":{"rendered":"<p>La F\u00e9d\u00e9ration CFTC Media+ porte dignement son nom. Depuis quatre ans, nous avons d\u00e9velopp\u00e9 notre communication et cela porte ses fruits. La F\u00e9d\u00e9ration est visible et regard\u00e9e sur de nombreux supports de communication. R\u00e9jane Begouen, en tant que responsable communication, est fi\u00e8re de ces r\u00e9sultats et des actions men\u00e9es qu\u2019il faut continuer \u00e0 promouvoir afin [&hellip;]<\/p>\n","protected":false},"author":0,"featured_media":0,"comment_status":"open","ping_status":"open","sticky":false,"template":"","format":"standard","meta":[],"categories":[1],"tags":[],"_links":{"self":[{"href":"https:\/\/cftc-syntec.fr\/testimport\/wp-json\/wp\/v2\/posts\/4372"}],"collection":[{"href":"https:\/\/cftc-syntec.fr\/testimport\/wp-json\/wp\/v2\/posts"}],"about":[{"href":"https:\/\/cftc-syntec.fr\/testimport\/wp-json\/wp\/v2\/types\/post"}],"replies":[{"embeddable":true,"href":"https:\/\/cftc-syntec.fr\/testimport\/wp-json\/wp\/v2\/comments?post=4372"}],"version-history":[{"count":0,"href":"https:\/\/cftc-syntec.fr\/testimport\/wp-json\/wp\/v2\/posts\/4372\/revisions"}],"wp:attachment":[{"href":"https:\/\/cftc-syntec.fr\/testimport\/wp-json\/wp\/v2\/media?parent=4372"}],"wp:term":[{"taxonomy":"category","embeddable":true,"href":"https:\/\/cftc-syntec.fr\/testimport\/wp-json\/wp\/v2\/categories?post=4372"},{"taxonomy":"post_tag","embeddable":true,"href":"https:\/\/cftc-syntec.fr\/testimport\/wp-json\/wp\/v2\/tags?post=4372"}],"curies":[{"name":"wp","href":"https:\/\/api.w.org\/{rel}","templated":true}]}}