{"id":4375,"date":"2022-03-31T18:27:34","date_gmt":"2022-03-31T16:27:34","guid":{"rendered":"https:\/\/cftc-syntec.fr\/testimport\/plan-de-formation\/"},"modified":"2022-03-31T18:27:34","modified_gmt":"2022-03-31T16:27:34","slug":"plan-de-formation","status":"publish","type":"post","link":"https:\/\/cftc-syntec.fr\/testimport\/plan-de-formation\/","title":{"rendered":"PLAN DE FORMATION"},"content":{"rendered":"<p>Le p\u00f4le FORMATION de la FEDERATION MEDIA+ est heureux de partager avec vous son plan annuel pour<br \/>2022. Saviez-vous que la formation syndicale est un droit pour tout salari\u00e9 ? Alors ne vous en privez pas et utilisez les 12 jours de cong\u00e9s formation dont vous disposez chaque ann\u00e9e.<\/p>\n<p>Le but de ces formations syndicales est de vous aider \u00e0 vous impr\u00e9gner de la culture CFTC et aussi de vous accompagner pour mieux appr\u00e9hender le d\u00e9veloppement, la repr\u00e9sentativit\u00e9, la coh\u00e9sion syndicale, l\u2019entraide, la constitution de r\u00e9seaux, la mont\u00e9e en comp\u00e9tences syndicales tout comme l\u2019acquisition des comp\u00e9tences n\u00e9cessaires au bon accomplissement de vos missions pr\u00e9sentes et \u00e0 venir\u2026<\/p>\n<p>Pour cela, nos formateurs, qui sont des militants volontaires et b\u00e9n\u00e9voles, mettent au service de la F\u00e9d\u00e9ration LEUR exp\u00e9rience professionnelle et syndicale.<\/p>\n<p>Nous faisons aussi appel \u00e0 des consultants externes pour des th\u00e9matiques sp\u00e9cifiques tel que le forum sant\u00e9 s\u00e9curit\u00e9 au travail que nous organisons tous les ans, chaque fois sur un th\u00e8me diff\u00e9rent.<\/p>\n<p>Que vous ayez besoin de connaissances sur un sujet pr\u00e9cis ou que vous souhaitiez suivre un parcours sur une th\u00e9matique, l\u2019offre de formation saura r\u00e9pondre \u00e0 vos attentes.<\/p>\n<p>Le calendrier des formations 2022 vous guidera dans vos choix. <a href=\"https:\/\/www.cftcmediaplus.fr\/formations\/\">Formation \u2013 CFTC Media Plus<\/a><\/p>\n<p>D\u2019autres formations viendront compl\u00e9ter, au fil des mois, la diversit\u00e9 de nos propositions. Pensez \u00e0 bien<br \/>regarder vos e-mails et \u00e0 consulter r\u00e9guli\u00e8rement le site o\u00f9 seront annonc\u00e9es toutes les nouvelles formations propos\u00e9es en cours d\u2019ann\u00e9e.<\/p>\n<p>C\u2019est le moment de faire votre choix parmi notre liste de formations. Bonne lecture\u2026<\/p>\n<p>L\u2019article <a href=\"https:\/\/www.cftcmediaplus.fr\/federation\/plan-de-formation\/\">PLAN DE FORMATION<\/a> est apparu en premier sur <a href=\"https:\/\/www.cftcmediaplus.fr\/\">CFTC Media Plus<\/a>.<\/p>\n","protected":false},"excerpt":{"rendered":"<p>Le p\u00f4le FORMATION de la FEDERATION MEDIA+ est heureux de partager avec vous son plan annuel pour2022. Saviez-vous que la formation syndicale est un droit pour tout salari\u00e9 ? Alors ne vous en privez pas et utilisez les 12 jours de cong\u00e9s formation dont vous disposez chaque ann\u00e9e. Le but de ces formations syndicales est [&hellip;]<\/p>\n","protected":false},"author":0,"featured_media":0,"comment_status":"open","ping_status":"open","sticky":false,"template":"","format":"standard","meta":[],"categories":[1],"tags":[],"_links":{"self":[{"href":"https:\/\/cftc-syntec.fr\/testimport\/wp-json\/wp\/v2\/posts\/4375"}],"collection":[{"href":"https:\/\/cftc-syntec.fr\/testimport\/wp-json\/wp\/v2\/posts"}],"about":[{"href":"https:\/\/cftc-syntec.fr\/testimport\/wp-json\/wp\/v2\/types\/post"}],"replies":[{"embeddable":true,"href":"https:\/\/cftc-syntec.fr\/testimport\/wp-json\/wp\/v2\/comments?post=4375"}],"version-history":[{"count":0,"href":"https:\/\/cftc-syntec.fr\/testimport\/wp-json\/wp\/v2\/posts\/4375\/revisions"}],"wp:attachment":[{"href":"https:\/\/cftc-syntec.fr\/testimport\/wp-json\/wp\/v2\/media?parent=4375"}],"wp:term":[{"taxonomy":"category","embeddable":true,"href":"https:\/\/cftc-syntec.fr\/testimport\/wp-json\/wp\/v2\/categories?post=4375"},{"taxonomy":"post_tag","embeddable":true,"href":"https:\/\/cftc-syntec.fr\/testimport\/wp-json\/wp\/v2\/tags?post=4375"}],"curies":[{"name":"wp","href":"https:\/\/api.w.org\/{rel}","templated":true}]}}