{"id":4377,"date":"2022-03-31T18:27:34","date_gmt":"2022-03-31T16:27:34","guid":{"rendered":"https:\/\/cftc-syntec.fr\/testimport\/le-logo-cftc-unique-et-indivisible\/"},"modified":"2022-03-31T18:27:34","modified_gmt":"2022-03-31T16:27:34","slug":"le-logo-cftc-unique-et-indivisible","status":"publish","type":"post","link":"https:\/\/cftc-syntec.fr\/testimport\/le-logo-cftc-unique-et-indivisible\/","title":{"rendered":"LE LOGO CFTC UNIQUE ET INDIVISIBLE !"},"content":{"rendered":"<p>Le 20 janvier 2022, a \u00e9t\u00e9 lanc\u00e9 le nouveau logo de la CFTC.<br \/>La responsable communication conf\u00e9d\u00e9rale, Laure Lescar, explique la gen\u00e8se du projet et son utilisation.<\/p>\n<p><strong>Pourquoi un nouveau logo ?<\/strong><br \/>L\u2019objectif est d\u2019avoir une visibilit\u00e9 commune, quel que soit le support, quelle que soit la structure.<br \/>Le pr\u00e9c\u00e9dent logo avait \u00e9t\u00e9 adopt\u00e9 par la CFTC dans les ann\u00e9es 1980, et aujourd\u2019hui semblait avoir plusieurs d\u00e9fauts :<br \/>\u2022 La colombe tr\u00e8s pr\u00e9sente laissait peu de place au sigle, ce qui le rendait peu visible, surtout compar\u00e9 aux autres organisations syndicales.<br \/>\u2022 La colombe \u00e9tait orient\u00e9e vers la gauche, soit le pass\u00e9 en graphisme. Or, la CFTC va vers l\u2019avant, la colombe a chang\u00e9 d\u2019orientation.<br \/>\u2022 Il n\u2019y avait pas de place donn\u00e9e aux structures pour qu\u2019elles int\u00e8grent leur nom au logo, ce qui a donn\u00e9 lieu \u00e0 toute une panoplie de logos \u201coriginaux\u201d qui faisaient perdre de la visibilit\u00e9 \u00e0 la CFTC.<\/p>\n<p>Le nouveau logo, plus dynamique et actuel, tout en s\u2019inscrivant dans le temps et dans notre histoire est une continuit\u00e9.<br \/>C<strong>omment est-il ?<\/strong><br \/>Le nouveau logo est compos\u00e9 d\u2019un bloc de trois \u00e9l\u00e9ments, indivisibles :<br \/>\u2022 Les lettres en typo CFTC<br \/>\u2022 La colombe<br \/>\u2022 Le mot syndicat<\/p>\n<p>Il faut donc le prendre en entier, et ne jamais le d\u00e9structurer.<\/p>\n<p><strong>Un pour tous, et tous bleu !<\/strong><br \/>Toutes les structures CFTC doivent avoir une m\u00eame identit\u00e9 visuelle, un m\u00eame logo, en ins\u00e9rant leur nom<br \/>sous les lettres CFTC, dans la typographie et la taille prescrite. La typographie est sp\u00e9cifique, elle a \u00e9t\u00e9<br \/>achet\u00e9e, et est donc \u00e0 disposition des structures, m\u00eame si au besoin l\u2019arial est autoris\u00e9.<br \/>Il existe une d\u00e9clinaison blanche, utilisable uniquement sur fond bleu. Et le bleu doit \u00eatre celui de la CFTC, car c\u2019est notre couleur de reconnaissance, nous les bleus !<\/p>\n<p>Une version sp\u00e9cifique aux \u00e9lections est propos\u00e9e, elle permet le vote sur sigle, surtout pour les votes<br \/>\u00e9lectroniques. Celle-ci doit \u00eatre diffus\u00e9e le plus largement possible pour \u00eatre appr\u00e9hend\u00e9e par les \u00e9lecteurs.<br \/>La mosa\u00efque de bleus, compos\u00e9e de cinq nuances, est un \u00e9l\u00e9ment important. Elle repr\u00e9sente notre diversit\u00e9, tous diff\u00e9rents, mais tous CFTC !<br \/>Le guillemet sur le T symbolise le dialogue, l\u2019ouverture, la CFTC donc !<\/p>\n<p><\/p>\n<p>L\u2019article <a href=\"https:\/\/www.cftcmediaplus.fr\/federation\/le-logo-cftc-unique-et-indivisible\/\">LE LOGO CFTC UNIQUE ET INDIVISIBLE !<\/a> est apparu en premier sur <a href=\"https:\/\/www.cftcmediaplus.fr\/\">CFTC Media Plus<\/a>.<\/p>\n","protected":false},"excerpt":{"rendered":"<p>Le 20 janvier 2022, a \u00e9t\u00e9 lanc\u00e9 le nouveau logo de la CFTC.La responsable communication conf\u00e9d\u00e9rale, Laure Lescar, explique la gen\u00e8se du projet et son utilisation. Pourquoi un nouveau logo ?L\u2019objectif est d\u2019avoir une visibilit\u00e9 commune, quel que soit le support, quelle que soit la structure.Le pr\u00e9c\u00e9dent logo avait \u00e9t\u00e9 adopt\u00e9 par la CFTC dans [&hellip;]<\/p>\n","protected":false},"author":0,"featured_media":0,"comment_status":"open","ping_status":"open","sticky":false,"template":"","format":"standard","meta":[],"categories":[1],"tags":[],"_links":{"self":[{"href":"https:\/\/cftc-syntec.fr\/testimport\/wp-json\/wp\/v2\/posts\/4377"}],"collection":[{"href":"https:\/\/cftc-syntec.fr\/testimport\/wp-json\/wp\/v2\/posts"}],"about":[{"href":"https:\/\/cftc-syntec.fr\/testimport\/wp-json\/wp\/v2\/types\/post"}],"replies":[{"embeddable":true,"href":"https:\/\/cftc-syntec.fr\/testimport\/wp-json\/wp\/v2\/comments?post=4377"}],"version-history":[{"count":0,"href":"https:\/\/cftc-syntec.fr\/testimport\/wp-json\/wp\/v2\/posts\/4377\/revisions"}],"wp:attachment":[{"href":"https:\/\/cftc-syntec.fr\/testimport\/wp-json\/wp\/v2\/media?parent=4377"}],"wp:term":[{"taxonomy":"category","embeddable":true,"href":"https:\/\/cftc-syntec.fr\/testimport\/wp-json\/wp\/v2\/categories?post=4377"},{"taxonomy":"post_tag","embeddable":true,"href":"https:\/\/cftc-syntec.fr\/testimport\/wp-json\/wp\/v2\/tags?post=4377"}],"curies":[{"name":"wp","href":"https:\/\/api.w.org\/{rel}","templated":true}]}}