{"id":4379,"date":"2022-04-05T11:36:27","date_gmt":"2022-04-05T09:36:27","guid":{"rendered":"https:\/\/cftc-syntec.fr\/testimport\/assemblee-generale-du-syndicat-cftc-postes-et-telecoms-reunion-et-mayotte\/"},"modified":"2022-04-05T11:36:27","modified_gmt":"2022-04-05T09:36:27","slug":"assemblee-generale-du-syndicat-cftc-postes-et-telecoms-reunion-et-mayotte","status":"publish","type":"post","link":"https:\/\/cftc-syntec.fr\/testimport\/assemblee-generale-du-syndicat-cftc-postes-et-telecoms-reunion-et-mayotte\/","title":{"rendered":"Assembl\u00e9e G\u00e9n\u00e9rale du Syndicat CFTC Postes et t\u00e9l\u00e9coms R\u00e9union et Mayotte"},"content":{"rendered":"<p>Le 5 avril 2022, le nouveau bureau du syndicat a \u00e9t\u00e9 \u00e9lu, en pr\u00e9sence de Thierry Patenne, secr\u00e9taire g\u00e9n\u00e9ral f\u00e9d\u00e9ral et de Christophe Barrat, tr\u00e9sorier f\u00e9d\u00e9ral. <\/p>\n<p>La nouvelle \u00e9quipe est compos\u00e9e de : <\/p>\n<p>Laetitia Barbaret, pr\u00e9sidenteChantal Audifax, secr\u00e9taireRichard Chan, tr\u00e9sorier<\/p>\n<p>F\u00e9licitations \u00e0 l\u2019\u00e9quipe ! <\/p>\n<\/p>\n<p>L\u2019article <a href=\"https:\/\/www.cftcmediaplus.fr\/syndicats\/assemblee-generale-du-syndicat-cftc-postes-et-telecoms-reunion-et-mayotte\/\">Assembl\u00e9e G\u00e9n\u00e9rale du Syndicat CFTC Postes et t\u00e9l\u00e9coms R\u00e9union et Mayotte<\/a> est apparu en premier sur <a href=\"https:\/\/www.cftcmediaplus.fr\/\">CFTC Media Plus<\/a>.<\/p>\n","protected":false},"excerpt":{"rendered":"<p>Le 5 avril 2022, le nouveau bureau du syndicat a \u00e9t\u00e9 \u00e9lu, en pr\u00e9sence de Thierry Patenne, secr\u00e9taire g\u00e9n\u00e9ral f\u00e9d\u00e9ral et de Christophe Barrat, tr\u00e9sorier f\u00e9d\u00e9ral. La nouvelle \u00e9quipe est compos\u00e9e de : Laetitia Barbaret, pr\u00e9sidenteChantal Audifax, secr\u00e9taireRichard Chan, tr\u00e9sorier F\u00e9licitations \u00e0 l\u2019\u00e9quipe ! L\u2019article Assembl\u00e9e G\u00e9n\u00e9rale du Syndicat CFTC Postes et t\u00e9l\u00e9coms R\u00e9union et [&hellip;]<\/p>\n","protected":false},"author":0,"featured_media":0,"comment_status":"open","ping_status":"open","sticky":false,"template":"","format":"standard","meta":[],"categories":[1],"tags":[],"_links":{"self":[{"href":"https:\/\/cftc-syntec.fr\/testimport\/wp-json\/wp\/v2\/posts\/4379"}],"collection":[{"href":"https:\/\/cftc-syntec.fr\/testimport\/wp-json\/wp\/v2\/posts"}],"about":[{"href":"https:\/\/cftc-syntec.fr\/testimport\/wp-json\/wp\/v2\/types\/post"}],"replies":[{"embeddable":true,"href":"https:\/\/cftc-syntec.fr\/testimport\/wp-json\/wp\/v2\/comments?post=4379"}],"version-history":[{"count":0,"href":"https:\/\/cftc-syntec.fr\/testimport\/wp-json\/wp\/v2\/posts\/4379\/revisions"}],"wp:attachment":[{"href":"https:\/\/cftc-syntec.fr\/testimport\/wp-json\/wp\/v2\/media?parent=4379"}],"wp:term":[{"taxonomy":"category","embeddable":true,"href":"https:\/\/cftc-syntec.fr\/testimport\/wp-json\/wp\/v2\/categories?post=4379"},{"taxonomy":"post_tag","embeddable":true,"href":"https:\/\/cftc-syntec.fr\/testimport\/wp-json\/wp\/v2\/tags?post=4379"}],"curies":[{"name":"wp","href":"https:\/\/api.w.org\/{rel}","templated":true}]}}