{"id":4380,"date":"2022-04-06T12:46:48","date_gmt":"2022-04-06T10:46:48","guid":{"rendered":"https:\/\/cftc-syntec.fr\/testimport\/mon-employeur-a-t-il-le-droit-de-mempecher-de-voter-un-dimanche-travaille\/"},"modified":"2022-04-06T12:46:48","modified_gmt":"2022-04-06T10:46:48","slug":"mon-employeur-a-t-il-le-droit-de-mempecher-de-voter-un-dimanche-travaille","status":"publish","type":"post","link":"https:\/\/cftc-syntec.fr\/testimport\/mon-employeur-a-t-il-le-droit-de-mempecher-de-voter-un-dimanche-travaille\/","title":{"rendered":"Mon employeur a-t-il le droit de m\u2019emp\u00eacher de voter un dimanche travaill\u00e9\u00a0?"},"content":{"rendered":"<p>Certaines professions travaillent de fa\u00e7on habituelle le dimanche.<\/p>\n<p>Les salari\u00e9s qui travaillent le jour d\u2019une \u00e9lection peuvent faire une procuration.<\/p>\n<p><strong>Mais s\u2019ils souhaitent personnellement aller voter, quels sont leurs droits\u202f?<\/strong><\/p>\n<p>La loi Macron de 2015 a facilit\u00e9 le vote physique des salari\u00e9s qui travaillent le dimanche en vertu d\u2019une d\u00e9rogation accord\u00e9e par le pr\u00e9fet ou le maire ou d\u2019une d\u00e9rogation bas\u00e9e sur un fondement g\u00e9ographique.<\/p>\n<p>En effet, dans ces cas de figure,\u00a0 l\u2019employeur\u00a0 doit \u00ab\u00a0<em>prendre les mesures n\u00e9cessaires pour permettre aux salari\u00e9s d\u2019exercer personnellement leur droit de vote au titre des scrutins nationaux et locaux lorsque ceux-ci ont lieu le dimanche\u00a0<\/em>\u00bb (C. trav., art. L.3132-25-4)\u00a0 et\u00a0<em>\u00ab\u00a0 l<\/em><em>orsque le repos dominical a \u00e9t\u00e9 supprim\u00e9 le jour d\u2019un scrutin national ou local, l\u2019employeur prend toute mesure n\u00e9cessaire pour permettre aux salari\u00e9s d\u2019exercer personnellement leur droit de vote.\u00a0\u00bb<\/em>\u00a0 C. trav., art. L. 3132-26-1)<\/p>\n<p>L\u2019employeur peut, par contre d\u00e9finir les modalit\u00e9s selon lesquelles le vote pourra se faire (roulement des salari\u00e9s, r\u00e9organisation des horaires de travail, etc.).<\/p>\n<p>Nous vous conseillons de vous rapprocher de votre employeur pour conna\u00eetre ces modalit\u00e9s.<\/p>\n<p>La loi n\u2019a pas pr\u00e9vu de sanction si un employeur n\u2019organise pas les possibilit\u00e9s de participation au scrutin. Mais il para\u00eet difficile alors de sanctionner un salari\u00e9 qui d\u00e9ciderait de s\u2019absenter le temps d\u2019aller voter.<\/p>\n<p>L\u2019article <a href=\"https:\/\/www.cftcmediaplus.fr\/juridique\/mon-employeur-a-t-il-le-droit-de-mempecher-de-voter-un-dimanche-travaille\/\">Mon employeur a-t-il le droit de m\u2019emp\u00eacher de voter un dimanche travaill\u00e9\u00a0?<\/a> est apparu en premier sur <a href=\"https:\/\/www.cftcmediaplus.fr\/\">CFTC Media Plus<\/a>.<\/p>\n","protected":false},"excerpt":{"rendered":"<p>Certaines professions travaillent de fa\u00e7on habituelle le dimanche. Les salari\u00e9s qui travaillent le jour d\u2019une \u00e9lection peuvent faire une procuration. Mais s\u2019ils souhaitent personnellement aller voter, quels sont leurs droits\u202f? La loi Macron de 2015 a facilit\u00e9 le vote physique des salari\u00e9s qui travaillent le dimanche en vertu d\u2019une d\u00e9rogation accord\u00e9e par le pr\u00e9fet ou [&hellip;]<\/p>\n","protected":false},"author":0,"featured_media":0,"comment_status":"open","ping_status":"open","sticky":false,"template":"","format":"standard","meta":[],"categories":[1],"tags":[],"_links":{"self":[{"href":"https:\/\/cftc-syntec.fr\/testimport\/wp-json\/wp\/v2\/posts\/4380"}],"collection":[{"href":"https:\/\/cftc-syntec.fr\/testimport\/wp-json\/wp\/v2\/posts"}],"about":[{"href":"https:\/\/cftc-syntec.fr\/testimport\/wp-json\/wp\/v2\/types\/post"}],"replies":[{"embeddable":true,"href":"https:\/\/cftc-syntec.fr\/testimport\/wp-json\/wp\/v2\/comments?post=4380"}],"version-history":[{"count":0,"href":"https:\/\/cftc-syntec.fr\/testimport\/wp-json\/wp\/v2\/posts\/4380\/revisions"}],"wp:attachment":[{"href":"https:\/\/cftc-syntec.fr\/testimport\/wp-json\/wp\/v2\/media?parent=4380"}],"wp:term":[{"taxonomy":"category","embeddable":true,"href":"https:\/\/cftc-syntec.fr\/testimport\/wp-json\/wp\/v2\/categories?post=4380"},{"taxonomy":"post_tag","embeddable":true,"href":"https:\/\/cftc-syntec.fr\/testimport\/wp-json\/wp\/v2\/tags?post=4380"}],"curies":[{"name":"wp","href":"https:\/\/api.w.org\/{rel}","templated":true}]}}