{"id":4385,"date":"2022-04-07T13:42:16","date_gmt":"2022-04-07T11:42:16","guid":{"rendered":"https:\/\/cftc-syntec.fr\/testimport\/un-village-cftc-pour-rendre-visible-votre-syndicat\/"},"modified":"2022-04-07T13:42:16","modified_gmt":"2022-04-07T11:42:16","slug":"un-village-cftc-pour-rendre-visible-votre-syndicat","status":"publish","type":"post","link":"https:\/\/cftc-syntec.fr\/testimport\/un-village-cftc-pour-rendre-visible-votre-syndicat\/","title":{"rendered":"UN VILLAGE CFTC POUR RENDRE VISIBLE VOTRE SYNDICAT"},"content":{"rendered":"<p>En 2022, la Conf\u00e9d\u00e9ration reconduit la grande tourn\u00e9e des villages mobiles CFTC. Cette installation \u00e9ph\u00e9m\u00e8re (une journ\u00e9e) destin\u00e9e \u00e0 assurer la promotion d\u2019un syndicalisme constructif, est ax\u00e9e sur la proximit\u00e9 et le service aux salari\u00e9s.<\/p>\n<\/p>\n<p>Cette journ\u00e9e offre l\u2019opportunit\u00e9 d\u2019aller \u00e0 la rencontre du public et de l\u2019informer sur nos actions et notre positionnement de \u201csyndicat constructif\u201d. Elle est aussi l\u2019occasion d\u2019apporter informations et conseils sur les diff\u00e9rents domaines de la vie quotidienne dans lesquels la CFTC est partie prenante : droit du travail, pr\u00e9voyance, sant\u00e9, retraite, conditions de travail, logement, formation professionnelle continue, famille, etc.<\/p>\n<p>La dynamique des villages mobiles doit s\u2019appuyer sur une v\u00e9ritable mobilisation des \u00e9quipes CFTC, gages de la r\u00e9ussite de l\u2019\u00e9v\u00e8nement. Ainsi, si vous comptez dans vos r\u00e9gions des endroits de passage pour mettre en avant la CFTC, et une \u00e9quipe de militants volontaires, c\u2019est le moment de vous impliquer. <\/p>\n<p>Une fois votre candidature envoy\u00e9e et confirm\u00e9e, voici les \u00e9tapes du projet \u00e0 suivre. Avant de monter un village mobile, les \u00e9quipes du service communication de la Conf\u00e9d\u00e9ration entrent directement en contact avec vous. <\/p>\n<p>Puis, le prestataire \u00e9v\u00e9nementiel prend en charge la demande d\u2019autorisation aupr\u00e8s de la mairie ainsi que<br \/>l\u2019organisation de l\u2019\u00e9v\u00e9nement.<\/p>\n<\/p>\n<p>Pour l\u2019\u00e9quipe CFTC locale<br \/>\u2022 R\u00e9aliser un rep\u00e9rage sur un site en amont avec le prestataire \u00e9v\u00e9nementiel<br \/>\u2022 Assurer la promotion du village mobile les jours pr\u00e9c\u00e9dents<br \/>\u2022 Assurer le rabattage des passants le jour J<br \/>\u2022 Mobiliser des \u00e9quipes militantes le jour J pour aller \u00e0 la rencontre des visiteurs\/ passants<\/p>\n<\/p>\n<p>Les indispensables<br \/>\u2022 Des militants disponibles en nombre suffisant (une quinzaine environ) pour tracter et orienter,<br \/>\u2022 Des juristes et des mandat\u00e9s dans les organismes paritaires pour r\u00e9pondre aux questions sp\u00e9cifiques,<br \/>\u2022 Des repr\u00e9sentants locaux pour donner rendez-vous dans la structure la plus proche, et r\u00e9pondre aux questions des agents de la Fonction publique.<\/p>\n<p>Pour 2022, le calendrier est pratiquement boucl\u00e9, pensez d\u00e9j\u00e0 \u00e0 l\u2019an prochain. <\/p>\n<p>L\u2019article <a href=\"https:\/\/www.cftcmediaplus.fr\/federation\/un-village-cftc-pour-rendre-visible-votre-syndicat\/\">UN VILLAGE CFTC POUR RENDRE VISIBLE VOTRE SYNDICAT<\/a> est apparu en premier sur <a href=\"https:\/\/www.cftcmediaplus.fr\/\">CFTC Media Plus<\/a>.<\/p>\n","protected":false},"excerpt":{"rendered":"<p>En 2022, la Conf\u00e9d\u00e9ration reconduit la grande tourn\u00e9e des villages mobiles CFTC. Cette installation \u00e9ph\u00e9m\u00e8re (une journ\u00e9e) destin\u00e9e \u00e0 assurer la promotion d\u2019un syndicalisme constructif, est ax\u00e9e sur la proximit\u00e9 et le service aux salari\u00e9s. Cette journ\u00e9e offre l\u2019opportunit\u00e9 d\u2019aller \u00e0 la rencontre du public et de l\u2019informer sur nos actions et notre positionnement de [&hellip;]<\/p>\n","protected":false},"author":0,"featured_media":0,"comment_status":"open","ping_status":"open","sticky":false,"template":"","format":"standard","meta":[],"categories":[1],"tags":[],"_links":{"self":[{"href":"https:\/\/cftc-syntec.fr\/testimport\/wp-json\/wp\/v2\/posts\/4385"}],"collection":[{"href":"https:\/\/cftc-syntec.fr\/testimport\/wp-json\/wp\/v2\/posts"}],"about":[{"href":"https:\/\/cftc-syntec.fr\/testimport\/wp-json\/wp\/v2\/types\/post"}],"replies":[{"embeddable":true,"href":"https:\/\/cftc-syntec.fr\/testimport\/wp-json\/wp\/v2\/comments?post=4385"}],"version-history":[{"count":0,"href":"https:\/\/cftc-syntec.fr\/testimport\/wp-json\/wp\/v2\/posts\/4385\/revisions"}],"wp:attachment":[{"href":"https:\/\/cftc-syntec.fr\/testimport\/wp-json\/wp\/v2\/media?parent=4385"}],"wp:term":[{"taxonomy":"category","embeddable":true,"href":"https:\/\/cftc-syntec.fr\/testimport\/wp-json\/wp\/v2\/categories?post=4385"},{"taxonomy":"post_tag","embeddable":true,"href":"https:\/\/cftc-syntec.fr\/testimport\/wp-json\/wp\/v2\/tags?post=4385"}],"curies":[{"name":"wp","href":"https:\/\/api.w.org\/{rel}","templated":true}]}}