{"id":4386,"date":"2022-04-07T13:42:16","date_gmt":"2022-04-07T11:42:16","guid":{"rendered":"https:\/\/cftc-syntec.fr\/testimport\/rgpd-mythe-ou-realite\/"},"modified":"2022-04-07T13:42:16","modified_gmt":"2022-04-07T11:42:16","slug":"rgpd-mythe-ou-realite","status":"publish","type":"post","link":"https:\/\/cftc-syntec.fr\/testimport\/rgpd-mythe-ou-realite\/","title":{"rendered":"RGPD : MYTHE OU R\u00c9ALIT\u00c9 ?"},"content":{"rendered":"<p>Des id\u00e9es fausses circulent sur le R\u00e8glement G\u00e9n\u00e9ral de la Protection des Donn\u00e9es. Gr\u00e9goire Dacheux, Data Protection Officer de la f\u00e9d\u00e9ration a fait le point. \u00c0 vous de d\u00e9m\u00ealer le vrai du faux\u2026<\/p>\n<\/p>\n<p>Pour \u00eatre conforme, il suffit d\u2019informer ses publics que l\u2019on dispose de leurs informations personnelles<br \/>FAUX : Ils doivent aussi \u00eatre inform\u00e9s de leurs droits d\u2019opposition et de rectification sur ces donn\u00e9es en plus du consentement pour les newsletters<\/p>\n<p>Les utilisateurs appr\u00e9cient la publicit\u00e9 cibl\u00e9e<br \/>VRAI : 62 % des Fran\u00e7ais ne sont pas oppos\u00e9s au traitement de leurs donn\u00e9es personnelles<\/p>\n<p>Si je permets \u00e0 mes prospects de se d\u00e9sabonner de ma newsletter, je suis conforme \u00e0 la RGPD<br \/>FAUX : L\u2019entreprise doit demander l\u2019accord de l\u2019internaute AVANT (OPT-IN) de lui adresser des communications \u00e9lectroniques et l\u2019int\u00e9grer \u00e0 une liste de diffusion (OPT-OUT non valide).<\/p>\n<p>Une donn\u00e9e \u00e0 caract\u00e8re personnel, c\u2019est uniquement le nom, le pr\u00e9nom et le mail<br \/>FAUX : Une donn\u00e9e \u00e0 caract\u00e8re personnel, c\u2019est aussi tout \u00e9l\u00e9ment permettant d\u2019identifier une personne : date de naissance, N\u00b0 de s\u00e9cu, photo et m\u00eame les cookies pouvant \u00eatre li\u00e9s aux donn\u00e9es de g\u00e9olocalisation<\/p>\n<p>Le RGPD concerne toutes les entreprises, m\u00eame les TPE<br \/>VRAI : toutes les organisations utilisant des donn\u00e9es personnelles sont concern\u00e9es : administrations, associations, collectivit\u00e9s m\u00eame celles n\u2019utilisant que du papier<\/p>\n<p>Le droit \u00e0 l\u2019oubli est arriv\u00e9 avec le RGPD<br \/>VRAI : Les r\u00e9seaux sociaux doivent et devront respecter le droit \u00e0 l\u2019oubli<\/p>\n<p>Les structures concern\u00e9es doivent tenir un registre de traitement<br \/>VRAI : celles-ci doivent pr\u00e9senter un registre des activit\u00e9s de traitement des donn\u00e9es des personnes en cas de contr\u00f4le par la CNIL<\/p>\n<p>Avec la directive e-Privacy du RGPD, il ne sera plus possible d\u2019utiliser des cookies<br \/>FAUX : Les cookies techniques (gestion du panier par exemple) restent possibles mais les autres devront donner lieu \u00e0 acceptation par l\u2019utilisateur <\/p>\n<p>L\u2019article <a href=\"https:\/\/www.cftcmediaplus.fr\/federation\/rgpd-mythe-ou-realite\/\">RGPD : MYTHE OU R\u00c9ALIT\u00c9 ?<\/a> est apparu en premier sur <a href=\"https:\/\/www.cftcmediaplus.fr\/\">CFTC Media Plus<\/a>.<\/p>\n","protected":false},"excerpt":{"rendered":"<p>Des id\u00e9es fausses circulent sur le R\u00e8glement G\u00e9n\u00e9ral de la Protection des Donn\u00e9es. Gr\u00e9goire Dacheux, Data Protection Officer de la f\u00e9d\u00e9ration a fait le point. \u00c0 vous de d\u00e9m\u00ealer le vrai du faux\u2026 Pour \u00eatre conforme, il suffit d\u2019informer ses publics que l\u2019on dispose de leurs informations personnellesFAUX : Ils doivent aussi \u00eatre inform\u00e9s de [&hellip;]<\/p>\n","protected":false},"author":0,"featured_media":0,"comment_status":"open","ping_status":"open","sticky":false,"template":"","format":"standard","meta":[],"categories":[1],"tags":[],"_links":{"self":[{"href":"https:\/\/cftc-syntec.fr\/testimport\/wp-json\/wp\/v2\/posts\/4386"}],"collection":[{"href":"https:\/\/cftc-syntec.fr\/testimport\/wp-json\/wp\/v2\/posts"}],"about":[{"href":"https:\/\/cftc-syntec.fr\/testimport\/wp-json\/wp\/v2\/types\/post"}],"replies":[{"embeddable":true,"href":"https:\/\/cftc-syntec.fr\/testimport\/wp-json\/wp\/v2\/comments?post=4386"}],"version-history":[{"count":0,"href":"https:\/\/cftc-syntec.fr\/testimport\/wp-json\/wp\/v2\/posts\/4386\/revisions"}],"wp:attachment":[{"href":"https:\/\/cftc-syntec.fr\/testimport\/wp-json\/wp\/v2\/media?parent=4386"}],"wp:term":[{"taxonomy":"category","embeddable":true,"href":"https:\/\/cftc-syntec.fr\/testimport\/wp-json\/wp\/v2\/categories?post=4386"},{"taxonomy":"post_tag","embeddable":true,"href":"https:\/\/cftc-syntec.fr\/testimport\/wp-json\/wp\/v2\/tags?post=4386"}],"curies":[{"name":"wp","href":"https:\/\/api.w.org\/{rel}","templated":true}]}}