{"id":4388,"date":"2022-04-13T01:59:41","date_gmt":"2022-04-12T23:59:41","guid":{"rendered":"https:\/\/cftc-syntec.fr\/testimport\/la-poste-elections-cap-ccp-2022\/"},"modified":"2022-04-13T01:59:41","modified_gmt":"2022-04-12T23:59:41","slug":"la-poste-elections-cap-ccp-2022","status":"publish","type":"post","link":"https:\/\/cftc-syntec.fr\/testimport\/la-poste-elections-cap-ccp-2022\/","title":{"rendered":"La Poste : Elections CAP\/CCP 2022"},"content":{"rendered":"<p>PENSEZ CFTC EN PARTAGEANT NOS VALEURS !<\/p>\n<p>En d\u00e9cembre 2022 les postiers \u00e9liront leurs repr\u00e9sentants au sein des Commissions Administratives Paritaires (CAP) pour les fonctionnaires et Commissions Consultatives Paritaires (CCP) pour les<br \/>salari\u00e9s.<\/p>\n<p>Nous sommes, \u00e0 la CFTC, particuli\u00e8rement attach\u00e9es au respect de tout ce qui touche \u00e0 l\u2019Humain, \u00e0 l\u2019\u00e9quilibre Vie Professionnelle \/ Vie Priv\u00e9e et \u00e0 la Qualit\u00e9 de Vie au Travail que ce soit pour les cadres ou<br \/>l\u2019ensemble du personnel.<\/p>\n<p>Apolitique et ind\u00e9pendante, nous travaillons pour un meilleur partage des b\u00e9n\u00e9fices, une meilleure harmonie au travail dans une vision constructive du dialogue social. Nous ne sommes pas des syndicats \u00e0 la botte de l\u2019employeur mais nous ne sommes pas non plus dans l\u2019opposition syst\u00e9matique et st\u00e9rile.<\/p>\n<p>Nous disons oui au compromis mais non aux compromissions.<br \/>\u00c9lections CAP CCP 2022 : Faites entendre votre voix ! <\/p>\n<p>Soyez acteur de vos droits : Soyez candidat CFTC ! <\/p>\n<\/p>\n<p>La CFTC vous informe :<br \/>Fin 2022, vous \u00e9lirez vos repr\u00e9sentants dans les Commissions Administratives<br \/>Paritaires (CAP) et dans les Commissions Consultatives Paritaires (CCP).<br \/>De quoi s\u2019agit-il ?<br \/>\u2022 Les CAP pour les fonctionnaires et les CCP pour les salari\u00e9s, sont des instances que l\u2019employeur doit consulter avant de prendre certaines d\u00e9cisions individuelles relatives \u00e0 la carri\u00e8re des fonctionnaires ou<br \/>\u00e0 la situation des salari\u00e9s.<br \/>\u2022 Les CAP et CCP sont compos\u00e9es, en nombre \u00e9gal, de repr\u00e9sentants des personnels et de repr\u00e9sentants de l\u2019employeur. Il en existe au niveau national et au niveau local en fonction des effectifs.<br \/>Pour les cadres sup\u00e9rieurs, le niveau local se situe au niveau de chaque branche.<br \/>Notre ambition, c\u2019est la d\u00e9fense de vos int\u00e9r\u00eats :<br \/>Pour y parvenir, nous avons besoin de vous et ne pouvons le faire sans vous !<br \/>La CFTC recherche des candidats de la classe I \u00e0 la classe IV : des personnes anim\u00e9es par l\u2019int\u00e9r\u00eat collectif et qui souhaitent faire avancer les d\u00e9bats de fa\u00e7on constructive et pragmatique.<br \/>Rejoignez-nous sur nos listes !<\/p>\n<p>L\u2019article <a href=\"https:\/\/www.cftcmediaplus.fr\/postes\/la-poste-elections-cap-ccp-2022\/\">La Poste : Elections CAP\/CCP 2022<\/a> est apparu en premier sur <a href=\"https:\/\/www.cftcmediaplus.fr\/\">CFTC Media Plus<\/a>.<\/p>\n","protected":false},"excerpt":{"rendered":"<p>PENSEZ CFTC EN PARTAGEANT NOS VALEURS ! En d\u00e9cembre 2022 les postiers \u00e9liront leurs repr\u00e9sentants au sein des Commissions Administratives Paritaires (CAP) pour les fonctionnaires et Commissions Consultatives Paritaires (CCP) pour lessalari\u00e9s. Nous sommes, \u00e0 la CFTC, particuli\u00e8rement attach\u00e9es au respect de tout ce qui touche \u00e0 l\u2019Humain, \u00e0 l\u2019\u00e9quilibre Vie Professionnelle \/ Vie Priv\u00e9e [&hellip;]<\/p>\n","protected":false},"author":0,"featured_media":0,"comment_status":"open","ping_status":"open","sticky":false,"template":"","format":"standard","meta":[],"categories":[1],"tags":[],"_links":{"self":[{"href":"https:\/\/cftc-syntec.fr\/testimport\/wp-json\/wp\/v2\/posts\/4388"}],"collection":[{"href":"https:\/\/cftc-syntec.fr\/testimport\/wp-json\/wp\/v2\/posts"}],"about":[{"href":"https:\/\/cftc-syntec.fr\/testimport\/wp-json\/wp\/v2\/types\/post"}],"replies":[{"embeddable":true,"href":"https:\/\/cftc-syntec.fr\/testimport\/wp-json\/wp\/v2\/comments?post=4388"}],"version-history":[{"count":0,"href":"https:\/\/cftc-syntec.fr\/testimport\/wp-json\/wp\/v2\/posts\/4388\/revisions"}],"wp:attachment":[{"href":"https:\/\/cftc-syntec.fr\/testimport\/wp-json\/wp\/v2\/media?parent=4388"}],"wp:term":[{"taxonomy":"category","embeddable":true,"href":"https:\/\/cftc-syntec.fr\/testimport\/wp-json\/wp\/v2\/categories?post=4388"},{"taxonomy":"post_tag","embeddable":true,"href":"https:\/\/cftc-syntec.fr\/testimport\/wp-json\/wp\/v2\/tags?post=4388"}],"curies":[{"name":"wp","href":"https:\/\/api.w.org\/{rel}","templated":true}]}}