{"id":4389,"date":"2022-04-13T14:18:11","date_gmt":"2022-04-13T12:18:11","guid":{"rendered":"https:\/\/cftc-syntec.fr\/testimport\/index-egalite-hommes-femmes\/"},"modified":"2022-04-13T14:18:11","modified_gmt":"2022-04-13T12:18:11","slug":"index-egalite-hommes-femmes","status":"publish","type":"post","link":"https:\/\/cftc-syntec.fr\/testimport\/index-egalite-hommes-femmes\/","title":{"rendered":"Index \u00e9galit\u00e9 Hommes\/Femmes"},"content":{"rendered":"<p>Les entreprises d\u2019au moins 50 salari\u00e9s avaient jusqu\u2019au 1 er mars pour calculer et publier leur index \u00e9galit\u00e9 hommes\/femmes sur leur site internet, \u00e0 d\u00e9faut de publication une p\u00e9nalit\u00e9 financi\u00e8re est encourue. <\/p>\n<p>Depuis le d\u00e9cret du 25 f\u00e9vrier 2022, si la note globale est inf\u00e9rieure \u00e0 85 points l\u2019entreprise doit fixer et publier des objectifs de progression pour chaque indicateur dont la note maximale n\u2019a pas \u00e9t\u00e9 atteinte.<\/p>\n<p> Les entreprises dont la note est en dessous de 75 points doivent quant \u00e0 elles toujours fixer et publier leurs mesures de correction. <\/p>\n<\/p>\n<p>La date limite de publication est fix\u00e9e au 1er septembre 2022. <\/p>\n<\/p>\n<p>A noter que 92% des entreprises ont obtenu une note sup\u00e9rieure \u00e0 75 points quand seules 2% des entreprises ont obtenu la note maximale.<\/p>\n<p>L\u2019article <a href=\"https:\/\/www.cftcmediaplus.fr\/juridique\/index-egalite-hommes-femmes\/\">Index \u00e9galit\u00e9 Hommes\/Femmes<\/a> est apparu en premier sur <a href=\"https:\/\/www.cftcmediaplus.fr\/\">CFTC Media Plus<\/a>.<\/p>\n","protected":false},"excerpt":{"rendered":"<p>Les entreprises d\u2019au moins 50 salari\u00e9s avaient jusqu\u2019au 1 er mars pour calculer et publier leur index \u00e9galit\u00e9 hommes\/femmes sur leur site internet, \u00e0 d\u00e9faut de publication une p\u00e9nalit\u00e9 financi\u00e8re est encourue. Depuis le d\u00e9cret du 25 f\u00e9vrier 2022, si la note globale est inf\u00e9rieure \u00e0 85 points l\u2019entreprise doit fixer et publier des objectifs [&hellip;]<\/p>\n","protected":false},"author":0,"featured_media":0,"comment_status":"open","ping_status":"open","sticky":false,"template":"","format":"standard","meta":[],"categories":[1],"tags":[],"_links":{"self":[{"href":"https:\/\/cftc-syntec.fr\/testimport\/wp-json\/wp\/v2\/posts\/4389"}],"collection":[{"href":"https:\/\/cftc-syntec.fr\/testimport\/wp-json\/wp\/v2\/posts"}],"about":[{"href":"https:\/\/cftc-syntec.fr\/testimport\/wp-json\/wp\/v2\/types\/post"}],"replies":[{"embeddable":true,"href":"https:\/\/cftc-syntec.fr\/testimport\/wp-json\/wp\/v2\/comments?post=4389"}],"version-history":[{"count":0,"href":"https:\/\/cftc-syntec.fr\/testimport\/wp-json\/wp\/v2\/posts\/4389\/revisions"}],"wp:attachment":[{"href":"https:\/\/cftc-syntec.fr\/testimport\/wp-json\/wp\/v2\/media?parent=4389"}],"wp:term":[{"taxonomy":"category","embeddable":true,"href":"https:\/\/cftc-syntec.fr\/testimport\/wp-json\/wp\/v2\/categories?post=4389"},{"taxonomy":"post_tag","embeddable":true,"href":"https:\/\/cftc-syntec.fr\/testimport\/wp-json\/wp\/v2\/tags?post=4389"}],"curies":[{"name":"wp","href":"https:\/\/api.w.org\/{rel}","templated":true}]}}