{"id":4390,"date":"2022-04-13T14:18:11","date_gmt":"2022-04-13T12:18:11","guid":{"rendered":"https:\/\/cftc-syntec.fr\/testimport\/la-poste-promotions-au-colis\/"},"modified":"2022-04-13T14:18:11","modified_gmt":"2022-04-13T12:18:11","slug":"la-poste-promotions-au-colis","status":"publish","type":"post","link":"https:\/\/cftc-syntec.fr\/testimport\/la-poste-promotions-au-colis\/","title":{"rendered":"La Poste : promotions au colis"},"content":{"rendered":"<p>MON V\u0152U POUR 2022 : UNE PROMOTION \u2026<\/p>\n<p>Une marche tellement difficile \u00e0 franchir \u2026Toujours en attente d\u2019une promesse de promotion sur le niveau sup\u00e9rieur !<br \/>En effet, La Poste au \u00ab colis \u00bb tarde \u00e0 respecter ses engagements pour chaque postier au cours de sa carri\u00e8re.<br \/>Cons\u00e9quences : Incompr\u00e9hension, sentiment d\u2019injustice, et fatalement\u2026D\u00e9couragement !<\/p>\n<p>Franchement dix ann\u00e9es, voire plus, sur le m\u00eame niveau sans \u00e9tude de situation. C\u2019est plus qu\u2019intol\u00e9rable!<br \/>Pour la CFTC, il est temps de (re)mettre les pendules \u00e0 l\u2019heure\u2026A la bonne heure !<\/p>\n<\/p>\n<p>La CFTC demande :<br \/>\u2022 Le passage au niveau I.3 : bilan \u00e0 l\u2019issue des deux premi\u00e8res ann\u00e9es en I.2 et reconnaissance des acquis<br \/>et comp\u00e9tences.<br \/>\u2022 Que La Poste \u00ab au colis \u00bb respecte ses engagements et que ce soit une priorit\u00e9 en 2022.<br \/>\u2022 Que tous les colipostiers pouvant b\u00e9n\u00e9ficier d\u2019une promotion soient enfin promus.<br \/>\u2022 Que l\u2019investissement professionnel des agents soit enfin reconnu. Rester sur le niveau I.2<br \/>r\u00e9v\u00e8le un manque de reconnaissance de la valeur professionnelle.<\/p>\n<p>L\u2019article <a href=\"https:\/\/www.cftcmediaplus.fr\/postes\/la-poste-promotions-au-colis\/\">La Poste : promotions au colis<\/a> est apparu en premier sur <a href=\"https:\/\/www.cftcmediaplus.fr\/\">CFTC Media Plus<\/a>.<\/p>\n","protected":false},"excerpt":{"rendered":"<p>MON V\u0152U POUR 2022 : UNE PROMOTION \u2026 Une marche tellement difficile \u00e0 franchir \u2026Toujours en attente d\u2019une promesse de promotion sur le niveau sup\u00e9rieur !En effet, La Poste au \u00ab colis \u00bb tarde \u00e0 respecter ses engagements pour chaque postier au cours de sa carri\u00e8re.Cons\u00e9quences : Incompr\u00e9hension, sentiment d\u2019injustice, et fatalement\u2026D\u00e9couragement ! Franchement dix [&hellip;]<\/p>\n","protected":false},"author":0,"featured_media":0,"comment_status":"open","ping_status":"open","sticky":false,"template":"","format":"standard","meta":[],"categories":[1],"tags":[],"_links":{"self":[{"href":"https:\/\/cftc-syntec.fr\/testimport\/wp-json\/wp\/v2\/posts\/4390"}],"collection":[{"href":"https:\/\/cftc-syntec.fr\/testimport\/wp-json\/wp\/v2\/posts"}],"about":[{"href":"https:\/\/cftc-syntec.fr\/testimport\/wp-json\/wp\/v2\/types\/post"}],"replies":[{"embeddable":true,"href":"https:\/\/cftc-syntec.fr\/testimport\/wp-json\/wp\/v2\/comments?post=4390"}],"version-history":[{"count":0,"href":"https:\/\/cftc-syntec.fr\/testimport\/wp-json\/wp\/v2\/posts\/4390\/revisions"}],"wp:attachment":[{"href":"https:\/\/cftc-syntec.fr\/testimport\/wp-json\/wp\/v2\/media?parent=4390"}],"wp:term":[{"taxonomy":"category","embeddable":true,"href":"https:\/\/cftc-syntec.fr\/testimport\/wp-json\/wp\/v2\/categories?post=4390"},{"taxonomy":"post_tag","embeddable":true,"href":"https:\/\/cftc-syntec.fr\/testimport\/wp-json\/wp\/v2\/tags?post=4390"}],"curies":[{"name":"wp","href":"https:\/\/api.w.org\/{rel}","templated":true}]}}