{"id":4396,"date":"2022-04-19T13:41:00","date_gmt":"2022-04-19T11:41:00","guid":{"rendered":"https:\/\/cftc-syntec.fr\/testimport\/orange-des-avancees-sur-le-traitement-des-situations-de-souffrances-au-travail\/"},"modified":"2022-04-19T13:41:00","modified_gmt":"2022-04-19T11:41:00","slug":"orange-des-avancees-sur-le-traitement-des-situations-de-souffrances-au-travail","status":"publish","type":"post","link":"https:\/\/cftc-syntec.fr\/testimport\/orange-des-avancees-sur-le-traitement-des-situations-de-souffrances-au-travail\/","title":{"rendered":"Orange : Des avanc\u00e9es sur le traitement des situations de souffrances au travail"},"content":{"rendered":"<p>Gr\u00e2ce \u00e0 la CFTC, le processus du traitement des situations de souffrances au travail a \u00e9volu\u00e9 dans le bon sens.<\/p>\n<p>La lettre ouverte envoy\u00e9e \u00e0 la Direction Orange en juillet dernier a permis de faire bouger les lignes.<\/p>\n<p>Dans cette lettre, nous d\u00e9noncions les pratiques d\u2019expertise exerc\u00e9es par le cabinet Nayan et la fa\u00e7on dont les d\u00e9bats \u00e9taient men\u00e9s. Nombre de salari\u00e9s sortaient des entretiens avec les experts de ce cabinet dans des \u00e9tats \u00e9motionnels inadmissibles et les conclusions des enqu\u00eates omettaient certains \u00e9l\u00e9ments remont\u00e9s par les salari\u00e9s.<\/p>\n<p>Gr\u00e2ce \u00e0 cette action, la Direction d\u2019Orange a revu le processus et utilise dor\u00e9navant 4 cabinets ind\u00e9pendants, cabinet Nayan exclu, pour les expertises de ces situations.<\/p>\n<p>Il est convenu que ces cabinets sont utilis\u00e9s en alternance pour une meilleure objectivation des enqu\u00eates. Si plusieurs situations de souffrances au travail se passent dans une m\u00eame unit\u00e9, chaque enqu\u00eate sera r\u00e9alis\u00e9e par un cabinet diff\u00e9rent.<\/p>\n<p>La CFTC se bat toujours pour le bien-\u00eatre au travail et prend ses responsabilit\u00e9s pour faire remonter tous les dysfonctionnements vous emp\u00eachant de bien vivre dans votre entreprise.<\/p>\n<p>L\u2019article <a href=\"https:\/\/www.cftcmediaplus.fr\/telecoms\/orange-des-avancees-sur-le-traitement-des-situations-de-souffrances-au-travail\/\">Orange : Des avanc\u00e9es sur le traitement des situations de souffrances au travail<\/a> est apparu en premier sur <a href=\"https:\/\/www.cftcmediaplus.fr\/\">CFTC Media Plus<\/a>.<\/p>\n","protected":false},"excerpt":{"rendered":"<p>Gr\u00e2ce \u00e0 la CFTC, le processus du traitement des situations de souffrances au travail a \u00e9volu\u00e9 dans le bon sens. La lettre ouverte envoy\u00e9e \u00e0 la Direction Orange en juillet dernier a permis de faire bouger les lignes. Dans cette lettre, nous d\u00e9noncions les pratiques d\u2019expertise exerc\u00e9es par le cabinet Nayan et la fa\u00e7on dont [&hellip;]<\/p>\n","protected":false},"author":0,"featured_media":0,"comment_status":"open","ping_status":"open","sticky":false,"template":"","format":"standard","meta":[],"categories":[1],"tags":[],"_links":{"self":[{"href":"https:\/\/cftc-syntec.fr\/testimport\/wp-json\/wp\/v2\/posts\/4396"}],"collection":[{"href":"https:\/\/cftc-syntec.fr\/testimport\/wp-json\/wp\/v2\/posts"}],"about":[{"href":"https:\/\/cftc-syntec.fr\/testimport\/wp-json\/wp\/v2\/types\/post"}],"replies":[{"embeddable":true,"href":"https:\/\/cftc-syntec.fr\/testimport\/wp-json\/wp\/v2\/comments?post=4396"}],"version-history":[{"count":0,"href":"https:\/\/cftc-syntec.fr\/testimport\/wp-json\/wp\/v2\/posts\/4396\/revisions"}],"wp:attachment":[{"href":"https:\/\/cftc-syntec.fr\/testimport\/wp-json\/wp\/v2\/media?parent=4396"}],"wp:term":[{"taxonomy":"category","embeddable":true,"href":"https:\/\/cftc-syntec.fr\/testimport\/wp-json\/wp\/v2\/categories?post=4396"},{"taxonomy":"post_tag","embeddable":true,"href":"https:\/\/cftc-syntec.fr\/testimport\/wp-json\/wp\/v2\/tags?post=4396"}],"curies":[{"name":"wp","href":"https:\/\/api.w.org\/{rel}","templated":true}]}}