{"id":4398,"date":"2022-04-21T17:11:28","date_gmt":"2022-04-21T15:11:28","guid":{"rendered":"https:\/\/cftc-syntec.fr\/testimport\/la-poste-dsrh-pas-de-mobilite-forcee\/"},"modified":"2022-04-21T17:11:28","modified_gmt":"2022-04-21T15:11:28","slug":"la-poste-dsrh-pas-de-mobilite-forcee","status":"publish","type":"post","link":"https:\/\/cftc-syntec.fr\/testimport\/la-poste-dsrh-pas-de-mobilite-forcee\/","title":{"rendered":"La Poste : DSRH \u2013 pas de mobilit\u00e9 forc\u00e9e"},"content":{"rendered":"<p>La DSRH a pr\u00e9sent\u00e9 en CDSP la trajectoire du parc immobilier.<br \/>Ce projet qui est pr\u00e9sent\u00e9 comme une nouvelle strat\u00e9gie d\u2019optimisation et d\u2019occupation des surfaces a pour objectif de r\u00e9duire de moiti\u00e9 le nombre de sites, de 51 actuellement \u00e0 26 d\u2019ici 2026. <\/p>\n<\/p>\n<p>Les sites de plus petite taille vont fermer et leurs agents ont pour vocation \u00e0 suivre leur poste sur un des 26 sites de destination.<br \/>C\u2019est l\u00e0 que les choses se compliquent, car dans certains cas les sites de destination peuvent \u00eatre \u00e9loign\u00e9s jusqu\u2019\u00e0 plus de 100 kilom\u00e8tres!<\/p>\n<p>Lors d\u2019une bilat\u00e9rale la CFTC a soulign\u00e9 l\u2019impact important que peut avoir une telle mobilit\u00e9 sur la qualit\u00e9 de vie au travail, l\u2019\u00e9quilibre vie priv\u00e9e-vie professionnelle, la famille, la fatigue engendr\u00e9e par les d\u00e9placements et le budget (au regard des co\u00fbts actuels du carburant).<\/p>\n<p>A noter qu\u2019\u00e0 ces projets immobiliers, il faut ajouter les d\u00e9m\u00e9nagements qui sont d\u00e9j\u00e0 dans les tuyaux (ex : d\u00e9m\u00e9nagement du site de Montigny, \u2026).<\/p>\n<p>La CFTC demande qu\u2019un dialogue social soit instaur\u00e9 pour proposer des mesures d\u2019accompagnement \u00e0 la hauteur du projet afin de pouvoir adapter les r\u00e9ponses en tenant compte au mieux de la situation de chaque coll\u00e8gue! <\/p>\n<p>Pour la CFTC, il n\u2019est pas concevable de priver les coll\u00e8gues d\u2019indemnit\u00e9s et d\u2019accompagnement sous couvert qu\u2019il n\u2019y a pas de productivit\u00e9 et qu\u2019il s\u2019agit \u00ab uniquement de d\u00e9m\u00e9nagements \u00bb !<\/p>\n<p>Pour la CFTC, priorit\u00e9 \u00e0 la Qualit\u00e9 de Vie au Travail et au respect de l\u2019\u00e9quilibre vie professionnelle\/ vie priv\u00e9e.<\/p>\n<\/p>\n<p>La CFTC demande<br \/>\u2013 Pour les d\u00e9m\u00e9nagements : Une indemnit\u00e9 tenant compte de l\u2019accroissement des frais de transports et de l\u2019effort d\u2019adaptation, y compris pour les sites ayant d\u00e9m\u00e9nag\u00e9 sans regroupement de site en 2022, comme par exemple le site de Montrouge. <br \/>\u2013 Pour les coll\u00e8gues ne voulant\/pouvant pas rejoindre les \u00ab villes de destination \u00bb : la possibilit\u00e9 de continuer leur activit\u00e9 CSRH \u00e0 distance, dans les locaux d\u2019une autre entit\u00e9 de La Poste.<br \/>\u2013 Pour le maintien des postes de RRH, formateurs, charg\u00e9s de QVT, contr\u00f4leurs de gestion\u2026Ces fonctions sont essentielles pour le bon fonctionnement des CSRH. La mutualisation des activit\u00e9s a ses limites, surtout si les sites sont tr\u00e8s distants\u2026<br \/>\u2013 T\u00e9l\u00e9travail : ouvrir la possibilit\u00e9 de trois jours de travail afin de pouvoir mieux s\u2019adapter aux nouvelles contraintes dues \u00e0 ce projet.<br \/>Une prime de reconnaissance : verser \u00e0 l\u2019ensemble des personnels de la DSRH pour reconna\u00eetre les efforts d\u2019adaptation constants aux changements organisationnels et aux difficult\u00e9s rencontr\u00e9es pendant la crise COVID.<\/p>\n<p>L\u2019article <a href=\"https:\/\/www.cftcmediaplus.fr\/postes\/la-poste-dsrh-pas-de-mobilite-forcee\/\">La Poste : DSRH \u2013 pas de mobilit\u00e9 forc\u00e9e<\/a> est apparu en premier sur <a href=\"https:\/\/www.cftcmediaplus.fr\/\">CFTC Media Plus<\/a>.<\/p>\n","protected":false},"excerpt":{"rendered":"<p>La DSRH a pr\u00e9sent\u00e9 en CDSP la trajectoire du parc immobilier.Ce projet qui est pr\u00e9sent\u00e9 comme une nouvelle strat\u00e9gie d\u2019optimisation et d\u2019occupation des surfaces a pour objectif de r\u00e9duire de moiti\u00e9 le nombre de sites, de 51 actuellement \u00e0 26 d\u2019ici 2026. Les sites de plus petite taille vont fermer et leurs agents ont pour [&hellip;]<\/p>\n","protected":false},"author":0,"featured_media":0,"comment_status":"open","ping_status":"open","sticky":false,"template":"","format":"standard","meta":[],"categories":[1],"tags":[],"_links":{"self":[{"href":"https:\/\/cftc-syntec.fr\/testimport\/wp-json\/wp\/v2\/posts\/4398"}],"collection":[{"href":"https:\/\/cftc-syntec.fr\/testimport\/wp-json\/wp\/v2\/posts"}],"about":[{"href":"https:\/\/cftc-syntec.fr\/testimport\/wp-json\/wp\/v2\/types\/post"}],"replies":[{"embeddable":true,"href":"https:\/\/cftc-syntec.fr\/testimport\/wp-json\/wp\/v2\/comments?post=4398"}],"version-history":[{"count":0,"href":"https:\/\/cftc-syntec.fr\/testimport\/wp-json\/wp\/v2\/posts\/4398\/revisions"}],"wp:attachment":[{"href":"https:\/\/cftc-syntec.fr\/testimport\/wp-json\/wp\/v2\/media?parent=4398"}],"wp:term":[{"taxonomy":"category","embeddable":true,"href":"https:\/\/cftc-syntec.fr\/testimport\/wp-json\/wp\/v2\/categories?post=4398"},{"taxonomy":"post_tag","embeddable":true,"href":"https:\/\/cftc-syntec.fr\/testimport\/wp-json\/wp\/v2\/tags?post=4398"}],"curies":[{"name":"wp","href":"https:\/\/api.w.org\/{rel}","templated":true}]}}