{"id":4400,"date":"2022-04-25T13:00:38","date_gmt":"2022-04-25T11:00:38","guid":{"rendered":"https:\/\/cftc-syntec.fr\/testimport\/proces-en-appel-des-ex-dirigeants-de-france-telecom\/"},"modified":"2022-04-25T13:00:38","modified_gmt":"2022-04-25T11:00:38","slug":"proces-en-appel-des-ex-dirigeants-de-france-telecom","status":"publish","type":"post","link":"https:\/\/cftc-syntec.fr\/testimport\/proces-en-appel-des-ex-dirigeants-de-france-telecom\/","title":{"rendered":"Proc\u00e8s en appel des ex-dirigeants de France T\u00e9l\u00e9com"},"content":{"rendered":"<p>Le 11 mai prochain d\u00e9butera le proc\u00e8s en appel des ex-dirigeants France T\u00e9l\u00e9com.  Il devrait se poursuivre jusqu\u2019au d\u00e9but juillet 2022.  <\/p>\n<p>Plus de dix ans apr\u00e8s les faits  (la vague de suicide des salari\u00e9s), les anciens dirigeants de France T\u00e9l\u00e9com seront rejug\u00e9s, apr\u00e8s avoir \u00e9t\u00e9 condamn\u00e9s pour harc\u00e8lement moral en 2019, a d\u00e9cid\u00e9 le 1er d\u00e9cembre la cour d\u2019appel de Paris.<\/p>\n<p>Un rassemblement unitaire aura lieu, devant le tribunal, \u00e0 l\u2019ouverture du proc\u00e8s le 11 mai \u00e0 12h, avec prise de paroles des organisations syndicales, dont la CFTC.<\/p>\n<p><strong>Plus nous serons de bleus pr\u00e9sents au rassemblement devant le tribunal judiciaire de Paris 75017, plus nous aurons de visibilit\u00e9. Pour rappel, la F\u00e9d\u00e9ration CFTC Media+ est partie civile dans ce proc\u00e8s historique.<\/strong> <\/p>\n<p>Merci \u00e0 ceux qui participeront \u00e0 ce rassemblement; <\/p>\n<p>L\u2019article <a href=\"https:\/\/www.cftcmediaplus.fr\/telecoms\/proces-en-appel-des-ex-dirigeants-de-france-telecom\/\">Proc\u00e8s en appel des ex-dirigeants de France T\u00e9l\u00e9com<\/a> est apparu en premier sur <a href=\"https:\/\/www.cftcmediaplus.fr\/\">CFTC Media Plus<\/a>.<\/p>\n","protected":false},"excerpt":{"rendered":"<p>Le 11 mai prochain d\u00e9butera le proc\u00e8s en appel des ex-dirigeants France T\u00e9l\u00e9com. Il devrait se poursuivre jusqu\u2019au d\u00e9but juillet 2022. Plus de dix ans apr\u00e8s les faits (la vague de suicide des salari\u00e9s), les anciens dirigeants de France T\u00e9l\u00e9com seront rejug\u00e9s, apr\u00e8s avoir \u00e9t\u00e9 condamn\u00e9s pour harc\u00e8lement moral en 2019, a d\u00e9cid\u00e9 le 1er [&hellip;]<\/p>\n","protected":false},"author":0,"featured_media":0,"comment_status":"open","ping_status":"open","sticky":false,"template":"","format":"standard","meta":[],"categories":[1],"tags":[],"_links":{"self":[{"href":"https:\/\/cftc-syntec.fr\/testimport\/wp-json\/wp\/v2\/posts\/4400"}],"collection":[{"href":"https:\/\/cftc-syntec.fr\/testimport\/wp-json\/wp\/v2\/posts"}],"about":[{"href":"https:\/\/cftc-syntec.fr\/testimport\/wp-json\/wp\/v2\/types\/post"}],"replies":[{"embeddable":true,"href":"https:\/\/cftc-syntec.fr\/testimport\/wp-json\/wp\/v2\/comments?post=4400"}],"version-history":[{"count":0,"href":"https:\/\/cftc-syntec.fr\/testimport\/wp-json\/wp\/v2\/posts\/4400\/revisions"}],"wp:attachment":[{"href":"https:\/\/cftc-syntec.fr\/testimport\/wp-json\/wp\/v2\/media?parent=4400"}],"wp:term":[{"taxonomy":"category","embeddable":true,"href":"https:\/\/cftc-syntec.fr\/testimport\/wp-json\/wp\/v2\/categories?post=4400"},{"taxonomy":"post_tag","embeddable":true,"href":"https:\/\/cftc-syntec.fr\/testimport\/wp-json\/wp\/v2\/tags?post=4400"}],"curies":[{"name":"wp","href":"https:\/\/api.w.org\/{rel}","templated":true}]}}