{"id":4402,"date":"2022-04-26T14:33:49","date_gmt":"2022-04-26T12:33:49","guid":{"rendered":"https:\/\/cftc-syntec.fr\/testimport\/la-poste-majoration-du-cpf-compte-personnel-de-formationpour-les-salaries-rqth\/"},"modified":"2022-04-26T14:33:49","modified_gmt":"2022-04-26T12:33:49","slug":"la-poste-majoration-du-cpf-compte-personnel-de-formationpour-les-salaries-rqth","status":"publish","type":"post","link":"https:\/\/cftc-syntec.fr\/testimport\/la-poste-majoration-du-cpf-compte-personnel-de-formationpour-les-salaries-rqth\/","title":{"rendered":"La Poste : Majoration du CPF (Compte Personnel de Formation)pour les salari\u00e9s RQTH"},"content":{"rendered":"<p>Majoration de 300 \u20ac du CPF pour les salari\u00e9s RQTH<\/p>\n<p>Le compte personnel de formation est aliment\u00e9 de 500 euros par an pour un salari\u00e9 ayant travaill\u00e9 \u00e0 temps plein sur l\u2019ensemble de l\u2019ann\u00e9e. <\/p>\n<p>Sa valeur plafond est limit\u00e9e \u00e0 10 fois l\u2019alimentation annuelle, soit 5 000 euros.<\/p>\n<p><strong>Vous \u00eates travailleur b\u00e9n\u00e9ficiant de l\u2019obligation d\u2019emploi ?<\/strong><br \/>Vous avez automatiquement droit \u00e0 une majoration de 300 euros par an. La valeur plafond de votre CPF passant alors \u00e0 8 000 euros.<\/p>\n<p><strong>Comment v\u00e9rifier que vous b\u00e9n\u00e9ficiez bien de cette majoration ?<\/strong><br \/>Sur <a href=\"http:\/\/www.moncompteformation.gouv.fr\/\">www.moncompteformation.gouv.fr<\/a>, connectez-vous et retrouvez votre historique dans l\u2019onglet Droits.<br \/>La CFTC vous accompagne, faites valoir vos droits !<\/p>\n<p>Pour toute question, contactez notre r\u00e9f\u00e9rente handicap CFTC La Poste Virginie Noga 06 41 96 39 36 <a href=\"mailto:referenthandicapcftc@gmail.com\" target=\"_blank\" rel=\"noopener\">referenthandicapcftc@gmail.com<\/a><\/p>\n<p>L\u2019article <a href=\"https:\/\/www.cftcmediaplus.fr\/postes\/la-poste-majoration-du-cpf-compte-personnel-de-formationpour-les-salaries-rqth\/\">La Poste : Majoration du CPF (Compte Personnel de Formation)pour les salari\u00e9s RQTH<\/a> est apparu en premier sur <a href=\"https:\/\/www.cftcmediaplus.fr\/\">CFTC Media Plus<\/a>.<\/p>\n","protected":false},"excerpt":{"rendered":"<p>Majoration de 300 \u20ac du CPF pour les salari\u00e9s RQTH Le compte personnel de formation est aliment\u00e9 de 500 euros par an pour un salari\u00e9 ayant travaill\u00e9 \u00e0 temps plein sur l\u2019ensemble de l\u2019ann\u00e9e. Sa valeur plafond est limit\u00e9e \u00e0 10 fois l\u2019alimentation annuelle, soit 5 000 euros. Vous \u00eates travailleur b\u00e9n\u00e9ficiant de l\u2019obligation d\u2019emploi [&hellip;]<\/p>\n","protected":false},"author":0,"featured_media":0,"comment_status":"open","ping_status":"open","sticky":false,"template":"","format":"standard","meta":[],"categories":[1],"tags":[],"_links":{"self":[{"href":"https:\/\/cftc-syntec.fr\/testimport\/wp-json\/wp\/v2\/posts\/4402"}],"collection":[{"href":"https:\/\/cftc-syntec.fr\/testimport\/wp-json\/wp\/v2\/posts"}],"about":[{"href":"https:\/\/cftc-syntec.fr\/testimport\/wp-json\/wp\/v2\/types\/post"}],"replies":[{"embeddable":true,"href":"https:\/\/cftc-syntec.fr\/testimport\/wp-json\/wp\/v2\/comments?post=4402"}],"version-history":[{"count":0,"href":"https:\/\/cftc-syntec.fr\/testimport\/wp-json\/wp\/v2\/posts\/4402\/revisions"}],"wp:attachment":[{"href":"https:\/\/cftc-syntec.fr\/testimport\/wp-json\/wp\/v2\/media?parent=4402"}],"wp:term":[{"taxonomy":"category","embeddable":true,"href":"https:\/\/cftc-syntec.fr\/testimport\/wp-json\/wp\/v2\/categories?post=4402"},{"taxonomy":"post_tag","embeddable":true,"href":"https:\/\/cftc-syntec.fr\/testimport\/wp-json\/wp\/v2\/tags?post=4402"}],"curies":[{"name":"wp","href":"https:\/\/api.w.org\/{rel}","templated":true}]}}