{"id":4403,"date":"2022-04-26T14:33:49","date_gmt":"2022-04-26T12:33:49","guid":{"rendered":"https:\/\/cftc-syntec.fr\/testimport\/la-poste-soutien-scolaire\/"},"modified":"2022-04-26T14:33:49","modified_gmt":"2022-04-26T12:33:49","slug":"la-poste-soutien-scolaire","status":"publish","type":"post","link":"https:\/\/cftc-syntec.fr\/testimport\/la-poste-soutien-scolaire\/","title":{"rendered":"La Poste : Soutien scolaire"},"content":{"rendered":"<p>La p\u00e9riode actuelle est complexe pour les enfants en \u00e2ge scolaire et leurs parents, l\u2019apprentissage scolaire a pu s\u2019en trouver affect\u00e9. Le soutien scolaire peut \u00eatre un appui mais reste assez co\u00fbteux. Des solutions existent soit \u00e0 distance, soit en pr\u00e9sentiel.<\/p>\n<p>La CFTC a vot\u00e9 pour la prolongation de l\u2019exp\u00e9rimentation d\u2019une prise en charge partielle des frais engendr\u00e9s par du soutien scolaire en cours particuliers, collectifs, \u00e9ducatifs, coaching ou param\u00e9dical.<\/p>\n<p>Retrouvez toutes les modalit\u00e9s sur <a href=\"https:\/\/www.portail-malin.com\/\" target=\"_blank\" rel=\"noopener\">https:\/\/www.portail-malin.com\/<\/a> rubrique \u00ab Parentalit\u00e9 \u00bb<\/p>\n<p>La CFTC demande que l\u2019exp\u00e9rimentation sur la prise en charge partielle des frais scolaires soit p\u00e9rennis\u00e9e.<\/p>\n<p>Pour la CFTC, la scolarit\u00e9 ne s\u2019arr\u00eate pas en terminale, beaucoup de lyc\u00e9ens poursuivent leur scolarit\u00e9 apr\u00e8s le Bac et, \u00e0 ce jour, rien n\u2019est pr\u00e9vu pour les aider dans leurs \u00e9tudes sup\u00e9rieures. La CFTC demande que la prise en charge du soutien scolaire soit \u00e9tendue aux \u00e9tudiants.<\/p>\n<p>La CFTC demande une aide pour l\u2019achat des mat\u00e9riels informatiques, de livres et l\u2019extension de l\u2019offre Sport et Culture aux enfants \u00e9tudiants jusqu\u2019\u00e0 l\u2019\u00e2ge de 26 ans.<\/p>\n<p>Pour la CFTC, les aides au soutien scolaire doivent \u00eatre p\u00e9rennis\u00e9es et \u00e9tendues aux enfants de postiers \u00e9tudiants\u2026<\/p>\n<\/p>\n<p>BON A SAVOIR<br \/>Exp\u00e9rimentation de la prise en charge partielle des frais engendr\u00e9s par du soutien scolaire en cours particuliers, collectifs, \u00e9ducatifs, coaching ou param\u00e9dical : L\u2019offre est propos\u00e9e du CP \u00e0 la Terminale sur tout le territoire national (m\u00e9tropole, Corse et DOM).<br \/>La prise en charge s\u2019effectue sur la base des factures de l\u2019organisme de soutien scolaire Prise en charge est de 40% du montant de la facture, jusqu\u2019au 20 novembre 2022, dans la limite de 400\u20ac par postier. <\/p>\n<p>Pour les enfants en situation de handicap, l\u2019aide passe \u00e0 600\u20ac<br \/>Aide aux devoirs en ligne : Du CP \u00e0 la terminale, votre enfant peut \u00e9galement b\u00e9n\u00e9ficier d\u2019une aide<br \/>aux devoirs en ligne, totalement gratuite, via le partenariat \u00ab Toutapprendre \u00bb. Inscription simple et rapide sur le site : <a href=\"https:\/\/laposte.toutapprendre.com\/\" target=\"_blank\" rel=\"noopener\">https:\/\/laposte.toutapprendre.com<\/a><br \/>\u2022 Assistance d\u2019un professeur de l\u2019Education Nationale, de 17H00 \u00e0 20h00 du dimanche au vendredi.<br \/>\u2022 Acc\u00e8s \u00e0 des ressources p\u00e9dagogiques en ligne (textes, cours, vid\u00e9os, exercices\u2026)<br \/>\u2022 Conseil en orientation scolaire, aides \u00e0 la r\u00e9daction d\u2019un CV et lettre de motivation.<\/p>\n<p>L\u2019article <a href=\"https:\/\/www.cftcmediaplus.fr\/postes\/la-poste-soutien-scolaire\/\">La Poste : Soutien scolaire<\/a> est apparu en premier sur <a href=\"https:\/\/www.cftcmediaplus.fr\/\">CFTC Media Plus<\/a>.<\/p>\n","protected":false},"excerpt":{"rendered":"<p>La p\u00e9riode actuelle est complexe pour les enfants en \u00e2ge scolaire et leurs parents, l\u2019apprentissage scolaire a pu s\u2019en trouver affect\u00e9. Le soutien scolaire peut \u00eatre un appui mais reste assez co\u00fbteux. Des solutions existent soit \u00e0 distance, soit en pr\u00e9sentiel. La CFTC a vot\u00e9 pour la prolongation de l\u2019exp\u00e9rimentation d\u2019une prise en charge partielle [&hellip;]<\/p>\n","protected":false},"author":0,"featured_media":0,"comment_status":"open","ping_status":"open","sticky":false,"template":"","format":"standard","meta":[],"categories":[1],"tags":[],"_links":{"self":[{"href":"https:\/\/cftc-syntec.fr\/testimport\/wp-json\/wp\/v2\/posts\/4403"}],"collection":[{"href":"https:\/\/cftc-syntec.fr\/testimport\/wp-json\/wp\/v2\/posts"}],"about":[{"href":"https:\/\/cftc-syntec.fr\/testimport\/wp-json\/wp\/v2\/types\/post"}],"replies":[{"embeddable":true,"href":"https:\/\/cftc-syntec.fr\/testimport\/wp-json\/wp\/v2\/comments?post=4403"}],"version-history":[{"count":0,"href":"https:\/\/cftc-syntec.fr\/testimport\/wp-json\/wp\/v2\/posts\/4403\/revisions"}],"wp:attachment":[{"href":"https:\/\/cftc-syntec.fr\/testimport\/wp-json\/wp\/v2\/media?parent=4403"}],"wp:term":[{"taxonomy":"category","embeddable":true,"href":"https:\/\/cftc-syntec.fr\/testimport\/wp-json\/wp\/v2\/categories?post=4403"},{"taxonomy":"post_tag","embeddable":true,"href":"https:\/\/cftc-syntec.fr\/testimport\/wp-json\/wp\/v2\/tags?post=4403"}],"curies":[{"name":"wp","href":"https:\/\/api.w.org\/{rel}","templated":true}]}}