{"id":4408,"date":"2022-05-04T13:14:09","date_gmt":"2022-05-04T11:14:09","guid":{"rendered":"https:\/\/cftc-syntec.fr\/testimport\/comdata-bas-les-casques\/"},"modified":"2022-05-04T13:14:09","modified_gmt":"2022-05-04T11:14:09","slug":"comdata-bas-les-casques","status":"publish","type":"post","link":"https:\/\/cftc-syntec.fr\/testimport\/comdata-bas-les-casques\/","title":{"rendered":"Comdata : Bas les casques"},"content":{"rendered":"<p>Appel \u00e0 mobilisation Intersyndical<\/p>\n<p>Depuis que nous avons tous \u00e9t\u00e9 rachet\u00e9s par Comdata, nos conditions de travail se d\u00e9gradent de plus en plus \u2026<br \/>\u27a2 Aucune augmentation salariale possible \u2026<br \/>\u27a2 La prime Macron ? Que nenni \u2026<br \/>\u27a2 Une prime d\u2019int\u00e9ressement peut-\u00eatre ? Pff \u2026<\/p>\n<p>Et notre pouvoir d\u2019achat, on en parle ? Comdata se fiche compl\u00e8tement de \u00e7a \u2026<br \/>Pendant que nous continuons dans la gal\u00e8re, les actionnaires continuent de s\u2019en mettre plein les poches! Et nous ? RIEN !!!<\/p>\n<p>Notre pouvoir d\u2019achat d\u00e9gringole :<br \/>\u27a2 Les primes sont de plus en plus inatteignables \u2026<br \/>\u27a2 Le p\u00e9trole flambe mais on nous fait revenir petit \u00e0 petit sur les sites \u2026<br \/>\u27a2 Le passage des TR papier par la carte pour certains sites \u2026<\/p>\n<p>En France, la hausse de l\u2019indice des prix \u00e0 la consommation a acc\u00e9l\u00e9r\u00e9 en rythme annuel de 3,5% et de 4,7% au Maroc !! Mais est-ce pour autant que Comdata en tient compte ?<br \/>Nous cr\u00e9ons la richesse de Comdata, mais nous n\u2019en voyons pas la couleur et n\u2019avons aucune reconnaissance, que ce soit en France comme au Maroc !<br \/>Nous demandons \u00e0 Comdata de revoir leur prise de d\u00e9cisions tant en local qu\u2019au niveau si\u00e8ge et enfin permettre \u00e0 leurs salari\u00e9s de pouvoir vivre dignement avec de r\u00e9elles avanc\u00e9es sociales (salaires, primes, avantages sociaux \u2026)<\/p>\n<p>Nous devons donc, tous ensemble, nous mobiliser afin de d\u00e9fendre notre droit \u00e0 un emploi qui nous permette de vivre dignement sans craindre pour notre sant\u00e9 physique et mentale !<\/p>\n<p>Toutes les organisations syndicales de Comdata appellent \u00e0 une journ\u00e9e de gr\u00e8ve internationale avec le Maroc !<\/p>\n<p>Seule la mobilisation des salari\u00e9s peut influer sur les prises de position du patronat !!<br \/><strong>GREVE g\u00e9n\u00e9rale le 4 Mai 2022 sur tous les sites de Comdata France et Maroc<\/strong><\/p>\n<p>L\u2019article <a href=\"https:\/\/www.cftcmediaplus.fr\/telecoms\/comdata-bas-les-casques\/\">Comdata : Bas les casques<\/a> est apparu en premier sur <a href=\"https:\/\/www.cftcmediaplus.fr\/\">CFTC Media Plus<\/a>.<\/p>\n","protected":false},"excerpt":{"rendered":"<p>Appel \u00e0 mobilisation Intersyndical Depuis que nous avons tous \u00e9t\u00e9 rachet\u00e9s par Comdata, nos conditions de travail se d\u00e9gradent de plus en plus \u2026\u27a2 Aucune augmentation salariale possible \u2026\u27a2 La prime Macron ? Que nenni \u2026\u27a2 Une prime d\u2019int\u00e9ressement peut-\u00eatre ? Pff \u2026 Et notre pouvoir d\u2019achat, on en parle ? Comdata se fiche compl\u00e8tement [&hellip;]<\/p>\n","protected":false},"author":0,"featured_media":0,"comment_status":"open","ping_status":"open","sticky":false,"template":"","format":"standard","meta":[],"categories":[1],"tags":[],"_links":{"self":[{"href":"https:\/\/cftc-syntec.fr\/testimport\/wp-json\/wp\/v2\/posts\/4408"}],"collection":[{"href":"https:\/\/cftc-syntec.fr\/testimport\/wp-json\/wp\/v2\/posts"}],"about":[{"href":"https:\/\/cftc-syntec.fr\/testimport\/wp-json\/wp\/v2\/types\/post"}],"replies":[{"embeddable":true,"href":"https:\/\/cftc-syntec.fr\/testimport\/wp-json\/wp\/v2\/comments?post=4408"}],"version-history":[{"count":0,"href":"https:\/\/cftc-syntec.fr\/testimport\/wp-json\/wp\/v2\/posts\/4408\/revisions"}],"wp:attachment":[{"href":"https:\/\/cftc-syntec.fr\/testimport\/wp-json\/wp\/v2\/media?parent=4408"}],"wp:term":[{"taxonomy":"category","embeddable":true,"href":"https:\/\/cftc-syntec.fr\/testimport\/wp-json\/wp\/v2\/categories?post=4408"},{"taxonomy":"post_tag","embeddable":true,"href":"https:\/\/cftc-syntec.fr\/testimport\/wp-json\/wp\/v2\/tags?post=4408"}],"curies":[{"name":"wp","href":"https:\/\/api.w.org\/{rel}","templated":true}]}}