{"id":4414,"date":"2022-05-12T12:16:32","date_gmt":"2022-05-12T10:16:32","guid":{"rendered":"https:\/\/cftc-syntec.fr\/testimport\/edito-croissance-economique-ecologie-rebattre-les-cartes-des-temps-sociaux\/"},"modified":"2022-05-12T12:16:32","modified_gmt":"2022-05-12T10:16:32","slug":"edito-croissance-economique-ecologie-rebattre-les-cartes-des-temps-sociaux","status":"publish","type":"post","link":"https:\/\/cftc-syntec.fr\/testimport\/edito-croissance-economique-ecologie-rebattre-les-cartes-des-temps-sociaux\/","title":{"rendered":"\u00c9dito. Croissance \u00e9conomique &amp; \u00e9cologie\u00a0: rebattre les cartes des temps sociaux"},"content":{"rendered":"<p>Cet article <a href=\"https:\/\/www.cftc.fr\/actualites\/social\/croissance-economique-et-ecologie-rebattre-les-cartes-des-temps-sociaux\">\u00c9dito. Croissance \u00e9conomique &amp; \u00e9cologie\u00a0: rebattre les cartes des temps sociaux<\/a> est apparu en premier sur <a href=\"https:\/\/www.cftc.fr\/\">CFTC<\/a>.<\/p>\n","protected":false},"excerpt":{"rendered":"<p>Cet article \u00c9dito. Croissance \u00e9conomique &amp; \u00e9cologie\u00a0: rebattre les cartes des temps sociaux est apparu en premier sur CFTC.<\/p>\n","protected":false},"author":0,"featured_media":0,"comment_status":"open","ping_status":"open","sticky":false,"template":"","format":"standard","meta":[],"categories":[1],"tags":[],"_links":{"self":[{"href":"https:\/\/cftc-syntec.fr\/testimport\/wp-json\/wp\/v2\/posts\/4414"}],"collection":[{"href":"https:\/\/cftc-syntec.fr\/testimport\/wp-json\/wp\/v2\/posts"}],"about":[{"href":"https:\/\/cftc-syntec.fr\/testimport\/wp-json\/wp\/v2\/types\/post"}],"replies":[{"embeddable":true,"href":"https:\/\/cftc-syntec.fr\/testimport\/wp-json\/wp\/v2\/comments?post=4414"}],"version-history":[{"count":0,"href":"https:\/\/cftc-syntec.fr\/testimport\/wp-json\/wp\/v2\/posts\/4414\/revisions"}],"wp:attachment":[{"href":"https:\/\/cftc-syntec.fr\/testimport\/wp-json\/wp\/v2\/media?parent=4414"}],"wp:term":[{"taxonomy":"category","embeddable":true,"href":"https:\/\/cftc-syntec.fr\/testimport\/wp-json\/wp\/v2\/categories?post=4414"},{"taxonomy":"post_tag","embeddable":true,"href":"https:\/\/cftc-syntec.fr\/testimport\/wp-json\/wp\/v2\/tags?post=4414"}],"curies":[{"name":"wp","href":"https:\/\/api.w.org\/{rel}","templated":true}]}}