{"id":4417,"date":"2022-05-16T16:02:24","date_gmt":"2022-05-16T14:02:24","guid":{"rendered":"https:\/\/cftc-syntec.fr\/testimport\/mesures-salariales-2022\/"},"modified":"2022-05-16T16:02:24","modified_gmt":"2022-05-16T14:02:24","slug":"mesures-salariales-2022","status":"publish","type":"post","link":"https:\/\/cftc-syntec.fr\/testimport\/mesures-salariales-2022\/","title":{"rendered":"Mesures Salariales 2022"},"content":{"rendered":"<p>Une inflation qui galope\u2026 des salaires qui font du surplace !!<\/p>\n<p><strong>Une augmentation du budget de mesures salariales en trompe-l\u2019\u0153il face \u00e0 l\u2019explosion de l\u2019inflation<\/strong><\/p>\n<p><strong>La baisse du pouvoir d\u2019achat des salari\u00e9s s\u2019accentue fortement en 2022 ! <\/strong><\/p>\n<p>Avec cette d\u00e9cision unilat\u00e9rale, Orange impose \u00e0 nouveau une <strong>forte baisse de pouvoir d\u2019achat<\/strong> \u00e0 tous les salari\u00e9s pour 2022.<\/p>\n<p>Le <strong>budget global<\/strong> des mesures salariales et d\u2019\u00e9volution professionnelle <strong>passe de<\/strong> <strong>1,8% \u00e0 3% mais l\u2019inflation est en forte hausse <\/strong>et devrait d\u00e9passer les<strong> 4\u00a0,8% <\/strong>alors qu\u2019elle \u00e9tait de<strong> 2,8% en 2021.<\/strong> <\/p>\n<p>Le budget des<strong> augmentations salariales <\/strong>n\u2019est que de<strong> 2,1%.<\/strong><\/p>\n<p>Le <strong>retard<\/strong> entre le <strong>niveau moyen d\u2019augmentations individuelles et <\/strong>l\u2019inflation a \u00e9t\u00e9 de<strong> 2% en 2021 <\/strong>et il devrait \u00eatre de <strong>2\u00a0,7% en 2022, <\/strong>compte-tenu des estimations actuelles<strong>.<\/strong><\/p>\n<p><strong>Cela ferait donc pr\u00e8s de 5% de perte de<\/strong> <strong>pouvoir d\u2019achat en moyenne pour les salari\u00e9s n\u2019ayant pas eu la chance de b\u00e9n\u00e9ficier d\u2019une mesure de reconnaissance !<\/strong><\/p>\n<p><strong>Reconnaissance des comp\u00e9tences\u00a0: un budget toujours tr\u00e8s insuffisant\u00a0!<\/strong><\/p>\n<p>Le <strong>budget<\/strong> des mesures portant sur la reconnaissance des comp\u00e9tences, des qualifications et des parcours professionnels, li\u00e9 \u00e0 la mise en place de l\u2019accord ARCQ, <strong>reste \u00e0 un niveau tr\u00e8s bas.<\/strong><\/p>\n<p><strong>Pour la C.F.T.C., ce n\u2019est pas un budget de 0,5% qui permettra de combler le retard en termes de reconnaissance financi\u00e8re<\/strong>.<\/p>\n<p>On comprend pourquoi l\u2019accord ARCQ\u00a0a \u00e9t\u00e9 prolong\u00e9 unilat\u00e9ralement par la Direction refusant de n\u00e9gocier un accord moins d\u00e9favorable aux salari\u00e9s<\/p>\n<p><strong>La mesure d\u2019accompagnement de la mobilit\u00e9 individuelle \u00e0 l\u2019initiative du salari\u00e9 reste int\u00e9gr\u00e9e dans le budget reconnaissance<\/strong>.<\/p>\n<p>Le budget des<strong> mesures d\u2019accompagnement de la mobilit\u00e9 individuelle \u00e0 l\u2019initiative du salari\u00e9 <\/strong>reste \u00e0 <strong>0,2%<\/strong><\/p>\n<p><strong>Les mesures<\/strong><strong> sp\u00e9cifiques d\u2019augmentation collective associ\u00e9es \u00e0 un seuil de salaire encore \u00e0 la baisse<\/strong><\/p>\n<p>Le <strong>seuil d\u2019attribution<\/strong> de ces mesures passe de 27\u00a0000\u20ac \u00e0 <strong>30\u00a0000\u20ac<\/strong> pour les <strong>non cadres<\/strong> avec une <strong>augmentation collective<\/strong> toujours <strong>major\u00e9e de \u00a0100\u20ac,<\/strong>soit 780\u20acbrut annuel. <\/p>\n<p>Pour les <strong>cadres &lt;= 38\u00a0000\u20ac<\/strong>, la <strong>majoration<\/strong> n\u2019est plus que de <strong>140\u20ac,<\/strong> au lieu de 200\u20ac brut annuel. Elle <strong>ne s\u2019applique que sur le minimum garanti<\/strong>. Elle ne <strong>b\u00e9n\u00e9ficiera<\/strong> donc, en totalit\u00e9 ou en partie, qu\u2019\u00e0 ceux dont l\u2019<strong>augmentation annuelle<\/strong> sera <strong>inf\u00e9rieure \u00e0<\/strong> <strong>720\u20ac<\/strong> brut annuel.<\/p>\n<p><strong>Mesures <\/strong><strong>diverses<\/strong><\/p>\n<p><strong>TPS\u00a0:<\/strong> la \u00ab\u00a0<strong>sur-r\u00e9mun\u00e9ration<\/strong>\u00a0\u00bb et les <strong>seuils minimaux<\/strong> de r\u00e9mun\u00e9ration sont <strong>revaloris\u00e9s<\/strong> de <strong>2,4% (1,3% en 2021).<\/strong><\/p>\n<p><strong>Minima annuels de Compl\u00e9ment Salarial des fonctionnaires\u00a0cadres :<\/strong> revalorisation de 1,<strong>05% (0,5% en 2021).<\/strong><\/p>\n<p><strong>Consolidations issues pour les fonctionnaires des accords sociaux de 1990, 1997 et des accords salariaux 2013 et 2014\u00a0:<\/strong> l\u2019enveloppe <strong>diminue<\/strong> de 0,1% <strong>\u00e0 0,07%<\/strong> de leurs salaires.<\/p>\n<\/p>\n<p><strong>Le point de vue de la CFTC\u00a0<\/strong><\/p>\n<p><strong>Orange communique sur le \u00ab\u00a0renforcement de son action en faveur du pouvoir d\u2019achat des salari\u00e9s\u00a0\u00bbalors qu\u2019elle ent\u00e9rine une perte de pouvoir d\u2019achat sans pr\u00e9c\u00e9dent pour ses salari\u00e9s\u00a0!<\/strong><\/p>\n<p><strong>Pour la CFTC Orange, cette hypocrisie doit cesser\u00a0!<\/strong><\/p>\n<p><strong>On ne peut pas affirmer cela alors que<\/strong><\/p>\n<p>Les mesures salariales 2022 se traduiront par une <strong>perte de pouvoir d\u2019achat moyenne de 2,7% minimum apr\u00e8s 2% en 2021,<\/strong>Ce ne sont pas les 0,5% consacr\u00e9s \u00e0 ARCQ qui vont compenser ces pertes<\/p>\n<p><strong>Pour la C.F.T.C., il est urgent d\u2019arr\u00eater de sacrifier le niveau de vie des salari\u00e9s \u00e0 la rentabilit\u00e9 financi\u00e8re, \u00e0 la r\u00e9mun\u00e9ration des dirigeants et au maintien de dividendes exorbitants\u00a0!<\/strong><\/p>\n<p><strong>Pour la C.F.T.C., il est urgent d\u2019arr\u00eater de sacrifier le niveau de vie des salari\u00e9s \u00e0 la rentabilit\u00e9 financi\u00e8re, \u00e0 la r\u00e9mun\u00e9ration des dirigeants et au maintien de dividendes exorbitants\u00a0!<\/strong><\/p>\n<p><strong>Pour la CFTC, l\u2019\u00e9chec, pour la troisi\u00e8me ann\u00e9e successive, des n\u00e9gociations salariales est r\u00e9v\u00e9lateur de l\u2019absence de dialogue social r\u00e9el observ\u00e9e sur cette m\u00eame p\u00e9riode.<\/strong><\/p>\n<p>L\u2019article <a href=\"https:\/\/www.cftcmediaplus.fr\/federation\/mesures-salariales-2022\/\">Mesures Salariales 2022<\/a> est apparu en premier sur <a href=\"https:\/\/www.cftcmediaplus.fr\/\">CFTC Media Plus<\/a>.<\/p>\n","protected":false},"excerpt":{"rendered":"<p>Une inflation qui galope\u2026 des salaires qui font du surplace !! Une augmentation du budget de mesures salariales en trompe-l\u2019\u0153il face \u00e0 l\u2019explosion de l\u2019inflation La baisse du pouvoir d\u2019achat des salari\u00e9s s\u2019accentue fortement en 2022 ! Avec cette d\u00e9cision unilat\u00e9rale, Orange impose \u00e0 nouveau une forte baisse de pouvoir d\u2019achat \u00e0 tous les salari\u00e9s [&hellip;]<\/p>\n","protected":false},"author":0,"featured_media":0,"comment_status":"open","ping_status":"open","sticky":false,"template":"","format":"standard","meta":[],"categories":[1],"tags":[],"_links":{"self":[{"href":"https:\/\/cftc-syntec.fr\/testimport\/wp-json\/wp\/v2\/posts\/4417"}],"collection":[{"href":"https:\/\/cftc-syntec.fr\/testimport\/wp-json\/wp\/v2\/posts"}],"about":[{"href":"https:\/\/cftc-syntec.fr\/testimport\/wp-json\/wp\/v2\/types\/post"}],"replies":[{"embeddable":true,"href":"https:\/\/cftc-syntec.fr\/testimport\/wp-json\/wp\/v2\/comments?post=4417"}],"version-history":[{"count":0,"href":"https:\/\/cftc-syntec.fr\/testimport\/wp-json\/wp\/v2\/posts\/4417\/revisions"}],"wp:attachment":[{"href":"https:\/\/cftc-syntec.fr\/testimport\/wp-json\/wp\/v2\/media?parent=4417"}],"wp:term":[{"taxonomy":"category","embeddable":true,"href":"https:\/\/cftc-syntec.fr\/testimport\/wp-json\/wp\/v2\/categories?post=4417"},{"taxonomy":"post_tag","embeddable":true,"href":"https:\/\/cftc-syntec.fr\/testimport\/wp-json\/wp\/v2\/tags?post=4417"}],"curies":[{"name":"wp","href":"https:\/\/api.w.org\/{rel}","templated":true}]}}