{"id":4421,"date":"2022-05-19T15:19:29","date_gmt":"2022-05-19T13:19:29","guid":{"rendered":"https:\/\/cftc-syntec.fr\/testimport\/la-semaine-de-la-qualite-de-vie-au-travail\/"},"modified":"2022-05-19T15:19:29","modified_gmt":"2022-05-19T13:19:29","slug":"la-semaine-de-la-qualite-de-vie-au-travail","status":"publish","type":"post","link":"https:\/\/cftc-syntec.fr\/testimport\/la-semaine-de-la-qualite-de-vie-au-travail\/","title":{"rendered":"La semaine de la qualit\u00e9 de vie au travail"},"content":{"rendered":"<p>Depuis 19\u00a0ans, le r\u00e9seau Anact-Aract organise une semaine pour valoriser les d\u00e9marches d\u2019entreprises qui conjuguent am\u00e9lioration des conditions de travail et<strong>\u00a0performance des organisations<\/strong>.<\/p>\n<p><strong>En 2022, \u00ab\u00a0en qu\u00eate de sens au travail\u00a0\u00bb\u00a0<\/strong>est\u00a0le fil rouge des manifestations propos\u00e9es par le r\u00e9seau Anact-Aract sur tout le territoire.<\/p>\n<p>Apr\u00e8s plus de deux ans de crise li\u00e9e au Covid-19,\u00a0qu\u2019est-ce qui motive, permet de rester en poste, donne envie d\u2019\u00e9voluer ?\u00a0Et quels leviers pour les entreprises, du c\u00f4t\u00e9 de la qualit\u00e9 de vie et des conditions de travail, pour attirer et fid\u00e9liser le personnel ?<\/p>\n<p>La SQVT 2022\u00a0est l\u2019occasion d\u2019\u00e9changer et d\u2019identifier des pistes d\u2019action d\u2019un\u00a0<strong>travail facteur de sant\u00e9, d\u2019inclusion et de performance.<\/strong><\/p>\n<\/p>\n<p><a href=\"https:\/\/semaineqvt.anact.fr\/\" target=\"_blank\" rel=\"noopener\">Pour en savoir plus<\/a><\/p>\n<p>L\u2019article <a href=\"https:\/\/www.cftcmediaplus.fr\/federation\/la-semaine-de-la-qualite-de-vie-au-travail\/\">La semaine de la qualit\u00e9 de vie au travail<\/a> est apparu en premier sur <a href=\"https:\/\/www.cftcmediaplus.fr\/\">CFTC Media Plus<\/a>.<\/p>\n","protected":false},"excerpt":{"rendered":"<p>Depuis 19\u00a0ans, le r\u00e9seau Anact-Aract organise une semaine pour valoriser les d\u00e9marches d\u2019entreprises qui conjuguent am\u00e9lioration des conditions de travail et\u00a0performance des organisations. En 2022, \u00ab\u00a0en qu\u00eate de sens au travail\u00a0\u00bb\u00a0est\u00a0le fil rouge des manifestations propos\u00e9es par le r\u00e9seau Anact-Aract sur tout le territoire. Apr\u00e8s plus de deux ans de crise li\u00e9e au Covid-19,\u00a0qu\u2019est-ce qui [&hellip;]<\/p>\n","protected":false},"author":0,"featured_media":0,"comment_status":"open","ping_status":"open","sticky":false,"template":"","format":"standard","meta":[],"categories":[1],"tags":[],"_links":{"self":[{"href":"https:\/\/cftc-syntec.fr\/testimport\/wp-json\/wp\/v2\/posts\/4421"}],"collection":[{"href":"https:\/\/cftc-syntec.fr\/testimport\/wp-json\/wp\/v2\/posts"}],"about":[{"href":"https:\/\/cftc-syntec.fr\/testimport\/wp-json\/wp\/v2\/types\/post"}],"replies":[{"embeddable":true,"href":"https:\/\/cftc-syntec.fr\/testimport\/wp-json\/wp\/v2\/comments?post=4421"}],"version-history":[{"count":0,"href":"https:\/\/cftc-syntec.fr\/testimport\/wp-json\/wp\/v2\/posts\/4421\/revisions"}],"wp:attachment":[{"href":"https:\/\/cftc-syntec.fr\/testimport\/wp-json\/wp\/v2\/media?parent=4421"}],"wp:term":[{"taxonomy":"category","embeddable":true,"href":"https:\/\/cftc-syntec.fr\/testimport\/wp-json\/wp\/v2\/categories?post=4421"},{"taxonomy":"post_tag","embeddable":true,"href":"https:\/\/cftc-syntec.fr\/testimport\/wp-json\/wp\/v2\/tags?post=4421"}],"curies":[{"name":"wp","href":"https:\/\/api.w.org\/{rel}","templated":true}]}}