{"id":4424,"date":"2022-05-23T16:19:58","date_gmt":"2022-05-23T14:19:58","guid":{"rendered":"https:\/\/cftc-syntec.fr\/testimport\/postiers-aidants\/"},"modified":"2022-05-23T16:19:58","modified_gmt":"2022-05-23T14:19:58","slug":"postiers-aidants","status":"publish","type":"post","link":"https:\/\/cftc-syntec.fr\/testimport\/postiers-aidants\/","title":{"rendered":"POSTIERS AIDANTS"},"content":{"rendered":"<p><strong>Vous pouvez b\u00e9n\u00e9ficier :<\/strong><\/p>\n<p>D\u2019ASA aidants afin d\u2019accompagner votre aid\u00e9 dans ses d\u00e9marches m\u00e9dicales ou administratives.De \u00ab\u00a0jours solidarit\u00e9 aidant\u00a0\u00bb. La Poste a mis en place un dispositif de don de jours de solidarit\u00e9 et a cr\u00e9\u00e9 un fonds de solidarit\u00e9 national. (Sous certaines conditions).D\u2019une aide financi\u00e8re pour le droit au r\u00e9pit (un maximum de douze jours fractionnables par an), le montant varie en fonction du type de s\u00e9jour et du quotient familial.Du CESU aidant et de ch\u00e8ques vacances. Le postier titulaire du certificat d\u2019aidant familial b\u00e9n\u00e9ficie d\u2019une demi-part suppl\u00e9mentaire dans le calcul du quotient familial.<\/p>\n<p><strong>De plus, des prestations d\u2019action sociale sans aucune condition de ressources sont propos\u00e9es pour les parents ayant \u00e0 charge un enfant en situation de handicap.<\/strong><\/p>\n<p>Vous aidez r\u00e9guli\u00e8rement un proche dans les actes de la vie quotidienne. Vous pouvez contacter\u00a0:<\/p>\n<p><strong>Le Guichet des aidants au 01 78 16 14 27<\/strong> (Lundi au vendredi de 8H30 \u00e0 18H30)<\/p>\n<p>Ses conseillers vous accompagnent, vous orientent, r\u00e9pondent \u00e0 toutes vos questions et recherchent des solutions \u00e0 La Poste et hors Poste.<\/p>\n<p>Ils peuvent vous d\u00e9livrer un <strong>certificat d\u2019aidant<\/strong>.<\/p>\n<p>Pour l\u2019obtenir et b\u00e9n\u00e9ficier de ses avantages, le\u00a0postier en activit\u00e9 doit r\u00e9pondre \u00e0 2 conditions cumulatives\u00a0:<\/p>\n<p>Le lien entre aid\u00e9 et aidantLe niveau de d\u00e9pendance<\/p>\n<p>Une fois le dossier valid\u00e9, le Certificat est \u00e9mis pour une dur\u00e9e\u00a0<strong>d\u2019un an renouvelable<\/strong>.<\/p>\n<p class=\"has-text-align-center\">Besoin d\u2019infos compl\u00e9mentaires, contactez\u00a0:<\/p>\n<p class=\"has-text-align-center\"><strong>Virginie Noga<\/strong><\/p>\n<p class=\"has-text-align-center\"><strong>R\u00e9f\u00e9rente handicap CFTC\u00a0\/La Poste<\/strong><\/p>\n<p class=\"has-text-align-center\"><strong>06 41 96 39 36<\/strong><\/p>\n<p class=\"has-text-align-center\"><strong>referenthandicapcftc@gmail.com<\/strong><\/p>\n<p><a><strong>Pour la CFTC, signataire de l\u2019accord\u00a0\u00ab\u00a0aidant\u00a0\u00bb, il est primordial que chaque postier puisse b\u00e9n\u00e9ficier de ces aides et ainsi mieux concilier vie priv\u00e9e\/ vie professionnelle<\/strong><\/a><\/p>\n<p>L\u2019article <a href=\"https:\/\/www.cftcmediaplus.fr\/postes\/postiers-aidants\/\">POSTIERS AIDANTS<\/a> est apparu en premier sur <a href=\"https:\/\/www.cftcmediaplus.fr\/\">CFTC Media Plus<\/a>.<\/p>\n","protected":false},"excerpt":{"rendered":"<p>Vous pouvez b\u00e9n\u00e9ficier : D\u2019ASA aidants afin d\u2019accompagner votre aid\u00e9 dans ses d\u00e9marches m\u00e9dicales ou administratives.De \u00ab\u00a0jours solidarit\u00e9 aidant\u00a0\u00bb. La Poste a mis en place un dispositif de don de jours de solidarit\u00e9 et a cr\u00e9\u00e9 un fonds de solidarit\u00e9 national. (Sous certaines conditions).D\u2019une aide financi\u00e8re pour le droit au r\u00e9pit (un maximum de douze [&hellip;]<\/p>\n","protected":false},"author":0,"featured_media":0,"comment_status":"open","ping_status":"open","sticky":false,"template":"","format":"standard","meta":[],"categories":[1],"tags":[],"_links":{"self":[{"href":"https:\/\/cftc-syntec.fr\/testimport\/wp-json\/wp\/v2\/posts\/4424"}],"collection":[{"href":"https:\/\/cftc-syntec.fr\/testimport\/wp-json\/wp\/v2\/posts"}],"about":[{"href":"https:\/\/cftc-syntec.fr\/testimport\/wp-json\/wp\/v2\/types\/post"}],"replies":[{"embeddable":true,"href":"https:\/\/cftc-syntec.fr\/testimport\/wp-json\/wp\/v2\/comments?post=4424"}],"version-history":[{"count":0,"href":"https:\/\/cftc-syntec.fr\/testimport\/wp-json\/wp\/v2\/posts\/4424\/revisions"}],"wp:attachment":[{"href":"https:\/\/cftc-syntec.fr\/testimport\/wp-json\/wp\/v2\/media?parent=4424"}],"wp:term":[{"taxonomy":"category","embeddable":true,"href":"https:\/\/cftc-syntec.fr\/testimport\/wp-json\/wp\/v2\/categories?post=4424"},{"taxonomy":"post_tag","embeddable":true,"href":"https:\/\/cftc-syntec.fr\/testimport\/wp-json\/wp\/v2\/tags?post=4424"}],"curies":[{"name":"wp","href":"https:\/\/api.w.org\/{rel}","templated":true}]}}