{"id":4427,"date":"2022-05-24T17:50:45","date_gmt":"2022-05-24T15:50:45","guid":{"rendered":"https:\/\/cftc-syntec.fr\/testimport\/elections-chez-lebara-la-cftc-fait-71\/"},"modified":"2022-05-24T17:50:45","modified_gmt":"2022-05-24T15:50:45","slug":"elections-chez-lebara-la-cftc-fait-71","status":"publish","type":"post","link":"https:\/\/cftc-syntec.fr\/testimport\/elections-chez-lebara-la-cftc-fait-71\/","title":{"rendered":"Elections chez Lebara, la CFTC fait 71%"},"content":{"rendered":"<p>Une section nouvellement implant\u00e9e, des \u00e9lections le 16 mai 2022, et la CFTC rafle le poste de titulaire dans le coll\u00e8ge Cadres, et le poste de suppl\u00e9ant dans le coll\u00e8ge employ\u00e9s.<\/p>\n<p>Le si\u00e8ge social de cette entreprise de t\u00e9l\u00e9phonie, sp\u00e9cialis\u00e9e dans les cartes de t\u00e9l\u00e9phonie mobile, est situ\u00e9 \u00e0 Paris. <\/p>\n<p>F\u00e9licitations et bienvenue \u00e0 l\u2019\u00e9quipe nouvellement \u00e9lue !<\/p>\n<p>L\u2019article <a href=\"https:\/\/www.cftcmediaplus.fr\/telecoms\/elections-chez-lebara-la-cftc-fait-71\/\">Elections chez Lebara, la CFTC fait 71%<\/a> est apparu en premier sur <a href=\"https:\/\/www.cftcmediaplus.fr\/\">CFTC Media Plus<\/a>.<\/p>\n","protected":false},"excerpt":{"rendered":"<p>Une section nouvellement implant\u00e9e, des \u00e9lections le 16 mai 2022, et la CFTC rafle le poste de titulaire dans le coll\u00e8ge Cadres, et le poste de suppl\u00e9ant dans le coll\u00e8ge employ\u00e9s. Le si\u00e8ge social de cette entreprise de t\u00e9l\u00e9phonie, sp\u00e9cialis\u00e9e dans les cartes de t\u00e9l\u00e9phonie mobile, est situ\u00e9 \u00e0 Paris. F\u00e9licitations et bienvenue \u00e0 l\u2019\u00e9quipe [&hellip;]<\/p>\n","protected":false},"author":0,"featured_media":0,"comment_status":"open","ping_status":"open","sticky":false,"template":"","format":"standard","meta":[],"categories":[1],"tags":[],"_links":{"self":[{"href":"https:\/\/cftc-syntec.fr\/testimport\/wp-json\/wp\/v2\/posts\/4427"}],"collection":[{"href":"https:\/\/cftc-syntec.fr\/testimport\/wp-json\/wp\/v2\/posts"}],"about":[{"href":"https:\/\/cftc-syntec.fr\/testimport\/wp-json\/wp\/v2\/types\/post"}],"replies":[{"embeddable":true,"href":"https:\/\/cftc-syntec.fr\/testimport\/wp-json\/wp\/v2\/comments?post=4427"}],"version-history":[{"count":0,"href":"https:\/\/cftc-syntec.fr\/testimport\/wp-json\/wp\/v2\/posts\/4427\/revisions"}],"wp:attachment":[{"href":"https:\/\/cftc-syntec.fr\/testimport\/wp-json\/wp\/v2\/media?parent=4427"}],"wp:term":[{"taxonomy":"category","embeddable":true,"href":"https:\/\/cftc-syntec.fr\/testimport\/wp-json\/wp\/v2\/categories?post=4427"},{"taxonomy":"post_tag","embeddable":true,"href":"https:\/\/cftc-syntec.fr\/testimport\/wp-json\/wp\/v2\/tags?post=4427"}],"curies":[{"name":"wp","href":"https:\/\/api.w.org\/{rel}","templated":true}]}}